{"id":2966,"date":"2026-08-30T21:06:14","date_gmt":"2026-08-30T21:06:14","guid":{"rendered":"https:\/\/vlap.fr\/labrassviedejupilles\/?p=2966"},"modified":"2026-08-30T21:56:44","modified_gmt":"2026-08-30T21:56:44","slug":"assemble-gnrale-et-concert-la-brassvie","status":"publish","type":"post","link":"https:\/\/vlap.fr\/labrassviedejupilles\/2026\/08\/30\/assemble-gnrale-et-concert-la-brassvie\/","title":{"rendered":"Assembl&eacute;e g&eacute;n&eacute;rale et concert &agrave; la Brass&rsquo;Vie"},"content":{"rendered":"<div class=\"postie-post\">\n<div>\n<div class=\"moz-text-html\" lang=\"x-unicode\" style=\"font-family:\">\n<p><font face=\"Times New Roman\">Bonjour \u00e0 toutes et tous,<\/font><\/p>\n<p><font face=\"Times New Roman\">Semaine de rentr\u00e9e associative et            artistique avec non seulement notre <a href=\"https:\/\/vlap.fr\/labrassviedejupilles\/affiche-asso\/\">Assembl\u00e9e              G\u00e9n\u00e9rale<\/a> et sa pr\u00e9paration, mais aussi un concert, ainsi            que <a href=\"https:\/\/lassemblage.gaellegueranger.com\/edition-2026\/\">l&rsquo;Assemblage              de l&rsquo;\u00c9bauche<\/a> et quatre autres temps musicaux \u00e0 la            Brass&rsquo;Vie.<\/font><\/p>\n<p><font face=\"Times New Roman\">Les horaires d&rsquo;ouverture sont            tenus \u00e0 jour sur la<span>\u00a0<\/span><a href=\"https:\/\/vlap.fr\/labrassviedejupilles\/#content\">page              d&rsquo;accueil du site<\/a>.<\/font><\/p>\n<p><font face=\"Times New Roman\"><b>** Semaine du lundi 31 Ao\u00fbt au              dimanche 06 Septembre 2026 **<\/b><\/font><\/p>\n<p><font face=\"Times New Roman\"><u><b>Mardi :<\/b><\/u><\/font><\/p>\n<p><font face=\"Times New Roman\">* 10h00 &#8211; 12h00 : Ouverture du            lieu. Si vous avez des savoirs-faire que vous aimeriez            partager, venez en parler ce mardi.<\/font><\/p>\n<p><font face=\"Times New Roman\">* 18h &#8211; 19h : R\u00e9union de            pr\u00e9paration de l&rsquo;Assembl\u00e9e G\u00e9n\u00e9rale, ouverte \u00e0\u00a0toutes celles            et ceux qui s&rsquo;impliquent ou utilisent les locaux d&rsquo;une fa\u00e7on            ou d&rsquo;une autre.<\/font><\/p>\n<p><font face=\"Times New Roman\"><u><b>Mercredi :<\/b><\/u><\/font><\/p>\n<p><font face=\"Times New Roman\">* 09h30 &#8211; 12h30 : Ouverture du            lieu.<\/font><\/p>\n<p><font face=\"Times New Roman\">* 18h00 &#8211; 19h00 :\u00a0Piano bar, un            temps bar, ouvert \u00e0 toutes et tous, de tous \u00e2ges, pour            discuter, boire un coup&#8230; o\u00f9 la musique d&rsquo;ambiance provient            du piano. C&rsquo;est un moment pendant lequel tout pianiste voulant            jouer, sans but de concert, juste pour \u00e9vocation d&rsquo;airs, de            musiques, sans limites de genre et de style, peut s&rsquo;asseoir au            piano et jouer.<\/font><\/p>\n<p><font face=\"Times New Roman\"><u><b>Jeudi :<\/b><\/u><\/font><\/p>\n<p><font face=\"Times New Roman\">* 18h00 &#8211; 21h00 : C&rsquo;est la rentr\u00e9e            du L\u00e2chage Vocal. Venez chanter avec nous !<\/font><\/p>\n<p><font face=\"Times New Roman\">* 21h00 &#8211; 23h30 : Brouillon de            sc\u00e8ne. Ouvert \u00e0 tous et toutes musiciennes, dans la            perspective, pour celles et ceux qui jouent avec une aisance,            de soutenir des gens qui se pensent incapables de jouer, pas            bons, pas forts, ou qui voudraient tenter d&rsquo;essayer un            instrument.<\/font><\/p>\n<p><font face=\"Times New Roman\"><u><b>Vendredi :<\/b><\/u><\/font><\/p>\n<p><font face=\"Times New Roman\">* 13h00 &#8211; 18h00 : Ouverture du            lieu avec bar sans alcool et jeux de soci\u00e9t\u00e9.<\/font><\/p>\n<p><font face=\"Times New Roman\">* 19h00 &#8211; 23h30 : Concert\u00a0Pop Rock            Folk\u00a0\u00e0 20h. Apr\u00e8s avoir \u00e9cum\u00e9 les ports de l&rsquo;Ouest Armoricain,            les Dandys de grand chemin sont de retour dans la vall\u00e9e du            Loir.\u00a0<\/font><\/p>\n<p><font face=\"Times New Roman\"><u><b>Samedi :<\/b><\/u><\/font><\/p>\n<p><font face=\"Times New Roman\">* 09h30 &#8211; 12h00 :\u00a0R\u00e9p\u00e9tition            musicale ouverte, autour des musiques jou\u00e9es dans les            assembl\u00e9es (bals Sarthois d&rsquo;avant la seconde guerre mondiale).<\/font><\/p>\n<p><font face=\"Times New Roman\"><u><b>Dimanche :<\/b><\/u><\/font><\/p>\n<p><font face=\"Times New Roman\">* 09h30 &#8211; 14h00 : Ouverture du            lieu avec bar \u00e0 salades le midi.<\/font><\/p>\n<p><font face=\"Times New Roman\">* Pour le philocaf\u00e9,\u00a0et la            machicoulette (processus d&rsquo;\u00e9criture sur la            Brass&rsquo;Vie),\u00a0contacter Eric au 06 47 83 24 32.<\/font><\/p>\n<p><font face=\"Times New Roman\">* 15h00 &#8211; 18h00 : <a href=\"https:\/\/vlap.fr\/labrassviedejupilles\/affiche-asso\/\">Assembl\u00e9e              G\u00e9n\u00e9rale de la Brass&rsquo;Vie<\/a>. Pr\u00e9sentation des activit\u00e9s des            cercles, des comptes&#8230; Bilans, propositions, on en parle !<\/font><\/p>\n<p><font face=\"Times New Roman\"><u><b>Autres \u00e0 Jupilles :<\/b><\/u><\/font><\/p>\n<p><font face=\"Times New Roman\">* Samedi 05 septembre,\u00a015h30 &#8211; 23h00            :\u00a08\u00e8me \u00e9dition de\u00a0L&rsquo;ASSEMBLAGE,\u00a0\u00ab\u00a0Du jardin \u00e0 la for\u00eat\u00a0\u00bb.            Spectacles en ext\u00e9rieur organis\u00e9s par L&rsquo;\u00c9BAUCHE, Aire de            cr\u00e9ation artistique. Plus d&rsquo;infos <a href=\"https:\/\/lassemblage.gaellegueranger.com\/1297-2\/\">ici<\/a>.\u00a0<\/font><\/p>\n<\/p><\/div>\n<div class=\"moz-text-html\" lang=\"x-unicode\" style=\"font-family:\"><i>Au          plaisir de vous voir dans la semaine,<\/i>        <\/p>\n<pre class=\"moz-signature\" style=\"white-space: normal\"><\/div>\n","protected":false},"excerpt":{"rendered":"<p>Bonjour \u00e0 toutes et tous, Semaine de rentr\u00e9e associative et artistique avec non seulement notre Assembl\u00e9e G\u00e9n\u00e9rale et sa pr\u00e9paration, mais aussi un concert, ainsi que l&rsquo;Assemblage de l&rsquo;\u00c9bauche et quatre autres temps musicaux \u00e0 la Brass&rsquo;Vie. Les horaires d&rsquo;ouverture sont tenus \u00e0 jour sur la\u00a0page d&rsquo;accueil du site. ** Semaine du lundi 31 Ao\u00fbt &hellip; <\/p>\n<p class=\"link-more\"><a href=\"https:\/\/vlap.fr\/labrassviedejupilles\/2026\/08\/30\/assemble-gnrale-et-concert-la-brassvie\/\" class=\"more-link\">Continuer la lecture<span class=\"screen-reader-text\"> de &laquo;&nbsp;Assembl&eacute;e g&eacute;n&eacute;rale et concert &agrave; la Brass&rsquo;Vie&nbsp;&raquo;<\/span><\/a><\/p>\n","protected":false},"author":1,"featured_media":0,"comment_status":"closed","ping_status":"closed","sticky":false,"template":"","format":"standard","meta":{"footnotes":""},"categories":[1],"tags":[],"class_list":["post-2966","post","type-post","status-publish","format-standard","hentry","category-uncategorized"],"_links":{"self":[{"href":"https:\/\/vlap.fr\/labrassviedejupilles\/wp-json\/wp\/v2\/posts\/2966","targetHints":{"allow":["GET"]}}],"collection":[{"href":"https:\/\/vlap.fr\/labrassviedejupilles\/wp-json\/wp\/v2\/posts"}],"about":[{"href":"https:\/\/vlap.fr\/labrassviedejupilles\/wp-json\/wp\/v2\/types\/post"}],"author":[{"embeddable":true,"href":"https:\/\/vlap.fr\/labrassviedejupilles\/wp-json\/wp\/v2\/users\/1"}],"replies":[{"embeddable":true,"href":"https:\/\/vlap.fr\/labrassviedejupilles\/wp-json\/wp\/v2\/comments?post=2966"}],"version-history":[{"count":0,"href":"https:\/\/vlap.fr\/labrassviedejupilles\/wp-json\/wp\/v2\/posts\/2966\/revisions"}],"wp:attachment":[{"href":"https:\/\/vlap.fr\/labrassviedejupilles\/wp-json\/wp\/v2\/media?parent=2966"}],"wp:term":[{"taxonomy":"category","embeddable":true,"href":"https:\/\/vlap.fr\/labrassviedejupilles\/wp-json\/wp\/v2\/categories?post=2966"},{"taxonomy":"post_tag","embeddable":true,"href":"https:\/\/vlap.fr\/labrassviedejupilles\/wp-json\/wp\/v2\/tags?post=2966"}],"curies":[{"name":"wp","href":"https:\/\/api.w.org\/{rel}","templated":true}]}}