{"id":2918,"date":"2026-04-26T18:37:43","date_gmt":"2026-04-26T18:37:43","guid":{"rendered":"https:\/\/vlap.fr\/labrassviedejupilles\/?p=2918"},"modified":"2026-04-26T19:54:40","modified_gmt":"2026-04-26T19:54:40","slug":"la-brassvie-de-jupilles-2026-semaine-n18","status":"publish","type":"post","link":"https:\/\/vlap.fr\/labrassviedejupilles\/2026\/04\/26\/la-brassvie-de-jupilles-2026-semaine-n18\/","title":{"rendered":"La Brass&rsquo;Vie de Jupilles. 2026 semaine n&deg;18"},"content":{"rendered":"<div class=\"postie-post\">\n<div>\n<div class=\"moz-text-html\" lang=\"x-unicode\">\n<p><font face=\"Times New Roman\">Bonjour \u00e0 toutes et tous,<\/font><\/p>\n<p><font face=\"Times New Roman\">En r\u00e9action \u00e0 un \u00e9v\u00e9nement r\u00e9cent,            nous avons d\u00e9cid\u00e9 de cr\u00e9er un protocole anti-agression, car il            faut que la Brass&rsquo;Vie soit un lieu absolument s\u00fbr pour tout le            monde. Nous vous demandons d&rsquo;\u00eatre\u00a0vigilant.es les un.es pour            les autres. Parlons de ce dont nous sommes t\u00e9moins. Ne            quittons pas la soir\u00e9e sans alerter. Le protocole dans une <a href=\"https:\/\/vlap.fr\/labrassviedejupilles\/protocole-agressions\/\" target=\"_blank\">version non finalis\u00e9e est disponible ici<\/a>.<\/font><\/p>\n<p><font face=\"Times New Roman\">Les horaires d&rsquo;ouverture sont            tenus \u00e0 jour sur la<span>\u00a0<\/span><a href=\"https:\/\/vlap.fr\/labrassviedejupilles\/#content\">page              d&rsquo;accueil du site<\/a>.<\/font><\/p>\n<p><font face=\"Times New Roman\"><b>** Semaine du lundi 27 Avril au              dimanche 03 Mai 2026 **<\/b><\/font><\/p>\n<p style=\"font-style: normal;font-weight: 400;letter-spacing: normal;text-align: start;text-indent: 0px;text-transform: none;white-space: normal\"><font face=\"Times New Roman\"><u><b>Jeudi :<\/b><\/u><\/font><\/p>\n<p style=\"font-style: normal;font-weight: 400;letter-spacing: normal;text-align: start;text-indent: 0px;text-transform: none;white-space: normal\"><font face=\"Times New Roman\">* 18h00 &#8211; 20h30 : Ouverture du lieu,            venez chanter !<\/font><\/p>\n<p><font face=\"Times New Roman\"><u><b>Dimanche :<\/b><\/u><\/font><\/p>\n<p><font face=\"Times New Roman\">* 09h30 &#8211; 12h30 : Ouverture du            lieu.<br \/>            \u00a0L&rsquo;exposition de Michel Testard \u00ab\u00a0portraits imaginaires\u00a0\u00bb            (portraits imagin\u00e9s, caricatures, improvisations oniriques et            expressionnistes)\u00a0est visible jusqu&rsquo;au 10 mai dans la salle du            haut.<\/font><\/p>\n<p><font face=\"Times New Roman\">* Pour le philocaf\u00e9, contacter            Eric au 06 47 83 24 32.<\/font><\/p>\n<p><font face=\"Times New Roman\"><span style=\"font-style: normal;font-weight: 400;letter-spacing: normal;text-align: start;text-indent: 0px;text-transform: none;white-space: normal;float: none\">*              14h30 &#8211; 17h30 : Venez jouer au tarot 4 \/5. Confirmez votre              pr\u00e9sence par sms au 06 10 83 89 03.<\/span><\/font><\/p>\n<p><font face=\"Times New Roman\"><u><b>Autre dans les environs :<\/b><\/u><\/font><\/p>\n<p><font face=\"Times New Roman\">* Vendredi 1er Mai \u00e0 19h30 :            Concert de Mimosa (guitare et chanson fran\u00e7aise \u00e0 texte) \u00e0 la            ferme du Cochon Z\u00e9br\u00e9 \u00e0\u00a0Mar\u00e7on. Spectacle au chapeau et            possibilit\u00e9 de repas sur place. Pensez \u00e0 r\u00e9server. Toutes les            infos <a href=\"https:\/\/lecochonzebre.fr\/2026\/04\/03\/zebrures-1er-mai-theatre\/\">ici<\/a>.<\/font><\/p>\n<p><font face=\"Times New Roman\">* Samedi 2 Mai,\u00a0Festival \u00ab\u00a0Kestu            Bouine ?\u00a0\u00bb \u00e0 Mar\u00e7on organis\u00e9 par l&rsquo;asso Mnambule. 14h-18h :            Place de l&rsquo;\u00e9glise, march\u00e9 local, arts de rue. Gratuit. 17h-02h            : Salle communale. Concert, kermesse, bar et cantine. 10\u20ac sur            r\u00e9servation <a href=\"https:\/\/www.helloasso.com\/associations\/asso-mnambule\/evenements\/kestu-bouine-9\">ici<\/a>.\u00a0<\/font><\/p>\n<\/p><\/div>\n<div class=\"moz-text-html\" lang=\"x-unicode\"><i>Au          plaisir de vous voir dans la semaine,<\/i>        <\/p>\n<pre class=\"moz-signature\" style=\"white-space: normal\"><\/div>\n","protected":false},"excerpt":{"rendered":"<p>Bonjour \u00e0 toutes et tous, En r\u00e9action \u00e0 un \u00e9v\u00e9nement r\u00e9cent, nous avons d\u00e9cid\u00e9 de cr\u00e9er un protocole anti-agression, car il faut que la Brass&rsquo;Vie soit un lieu absolument s\u00fbr pour tout le monde. Nous vous demandons d&rsquo;\u00eatre\u00a0vigilant.es les un.es pour les autres. Parlons de ce dont nous sommes t\u00e9moins. Ne quittons pas la soir\u00e9e &hellip; <\/p>\n<p class=\"link-more\"><a href=\"https:\/\/vlap.fr\/labrassviedejupilles\/2026\/04\/26\/la-brassvie-de-jupilles-2026-semaine-n18\/\" class=\"more-link\">Continuer la lecture<span class=\"screen-reader-text\"> de &laquo;&nbsp;La Brass&rsquo;Vie de Jupilles. 2026 semaine n&deg;18&nbsp;&raquo;<\/span><\/a><\/p>\n","protected":false},"author":1,"featured_media":0,"comment_status":"closed","ping_status":"closed","sticky":false,"template":"","format":"standard","meta":{"footnotes":""},"categories":[1],"tags":[],"class_list":["post-2918","post","type-post","status-publish","format-standard","hentry","category-uncategorized"],"_links":{"self":[{"href":"https:\/\/vlap.fr\/labrassviedejupilles\/wp-json\/wp\/v2\/posts\/2918","targetHints":{"allow":["GET"]}}],"collection":[{"href":"https:\/\/vlap.fr\/labrassviedejupilles\/wp-json\/wp\/v2\/posts"}],"about":[{"href":"https:\/\/vlap.fr\/labrassviedejupilles\/wp-json\/wp\/v2\/types\/post"}],"author":[{"embeddable":true,"href":"https:\/\/vlap.fr\/labrassviedejupilles\/wp-json\/wp\/v2\/users\/1"}],"replies":[{"embeddable":true,"href":"https:\/\/vlap.fr\/labrassviedejupilles\/wp-json\/wp\/v2\/comments?post=2918"}],"version-history":[{"count":0,"href":"https:\/\/vlap.fr\/labrassviedejupilles\/wp-json\/wp\/v2\/posts\/2918\/revisions"}],"wp:attachment":[{"href":"https:\/\/vlap.fr\/labrassviedejupilles\/wp-json\/wp\/v2\/media?parent=2918"}],"wp:term":[{"taxonomy":"category","embeddable":true,"href":"https:\/\/vlap.fr\/labrassviedejupilles\/wp-json\/wp\/v2\/categories?post=2918"},{"taxonomy":"post_tag","embeddable":true,"href":"https:\/\/vlap.fr\/labrassviedejupilles\/wp-json\/wp\/v2\/tags?post=2918"}],"curies":[{"name":"wp","href":"https:\/\/api.w.org\/{rel}","templated":true}]}}