{"id":2899,"date":"2026-03-15T22:32:54","date_gmt":"2026-03-15T22:32:54","guid":{"rendered":"https:\/\/vlap.fr\/labrassviedejupilles\/?p=2899"},"modified":"2026-03-15T23:56:57","modified_gmt":"2026-03-15T23:56:57","slug":"la-brassvie-de-jupilles-2026-semaine-n12","status":"publish","type":"post","link":"https:\/\/vlap.fr\/labrassviedejupilles\/2026\/03\/15\/la-brassvie-de-jupilles-2026-semaine-n12\/","title":{"rendered":"La Brass&rsquo;Vie de Jupilles. 2026 semaine n&deg;12"},"content":{"rendered":"<div class=\"postie-post\">\n<div>\n<div class=\"moz-text-html\" lang=\"x-unicode\">\n<p><font face=\"Times New Roman\">Bonjour \u00e0 toutes et tous,<\/font><\/p>\n<p><font face=\"Times New Roman\">Les horaires d&rsquo;ouverture sont            tenus \u00e0 jour sur la<span>\u00a0<\/span><a href=\"https:\/\/vlap.fr\/labrassviedejupilles\/#content\">page              d&rsquo;accueil du site<\/a>.<\/font><\/p>\n<p><font face=\"Times New Roman\"><b>** Semaine du lundi 16 au              dimanche 22 Mars 2026 **<\/b><\/font><\/p>\n<p><font face=\"Times New Roman\"><u><b>Lundi :<\/b><\/u><\/font><\/p>\n<p><font face=\"Times New Roman\">* 09h30 &#8211; 12h00 : Ouverture du            lieu.<\/font><\/p>\n<p><font face=\"Times New Roman\"><u><b>Mardi :<\/b><\/u><\/font><\/p>\n<p><font face=\"Times New Roman\">* 10h00 &#8211; 12h00 : Loisirs            cr\u00e9atifs. Venez partager vos savoir-faire et vos id\u00e9es.<\/font><\/p>\n<p><font face=\"Times New Roman\"><u><b>Mercredi :<\/b><\/u><\/font><\/p>\n<p><font face=\"Times New Roman\">* 14h30 &#8211;\u00a018h00 : Ouverture du            lieu avec bar sans alcool, jeux de soci\u00e9t\u00e9 et activit\u00e9s pour            enfants (contes, dessin, p\u00e2te \u00e0 modeler&#8230;).<\/font><\/p>\n<p><font face=\"Times New Roman\">* 18h30 &#8211; 20h00 : Atelier dessin            et pastel sec.<\/font><\/p>\n<p><font face=\"Times New Roman\"><u><b>Jeudi :<\/b><\/u><\/font><\/p>\n<p><font face=\"Times New Roman\">* 18h30 &#8211; 20h30 : L\u00e2chage Vocal.            M\u00eame si vous chantez comme une casserole, vous \u00eates bienvenu.e            !<br \/>            Fred Pizza est sur la place du village.<\/font><\/p>\n<p><font face=\"Times New Roman\"><u><b>Vendredi :<\/b><\/u><\/font><\/p>\n<p><font face=\"Times New Roman\">* 13h00 &#8211; 17h30 :\u00a0 Ouverture du            lieu avec bar sans alcool et jeux de soci\u00e9t\u00e9.<\/font><\/p>\n<p><font face=\"Times New Roman\"><u><b>Dimanche :<\/b><\/u><\/font><\/p>\n<p><font face=\"Times New Roman\">* 09h00 &#8211; 14h30 : Ouverture du            lieu. C&rsquo;est le\u00a0Printemps des Po\u00e8tes et vous pouvez participer            en d\u00e9posant vos textes courts (originaux, c\u00e9l\u00e8bres ou            m\u00e9connus, avec le nom de l&rsquo;auteur.e.) dans la bo\u00eete pr\u00e9vue \u00e0            cet effet \u00e0 la Brass&rsquo;Vie. Th\u00e9matique \u00ab\u00a0Libert\u00e9 (force vive,            d\u00e9ploy\u00e9e)\u00a0\u00bb. Date limite des d\u00e9p\u00f4ts vendredi 20\/03, 18h.\u00a0<br \/>            \u00c0 11h,\u00a0H\u00e9lianthe, Emmanuel et Guillaume, d\u00e9clameront vos            textes en haut de la place du march\u00e9.<br \/>            Et pour se remettre de vos \u00e9motions, nos talentueuses            b\u00e9n\u00e9voles vous proposent un repas, avec au menu hachis            parmentier, salade et clafoutis (\u00e0 10\u20ac).\u00a0<\/font><font face=\"Times New Roman\">Pensez \u00e0 r\u00e9server au 06 13 61 90 59.<\/font><\/p>\n<p><font face=\"Times New Roman\">* Pour le philocaf\u00e9, contacter            Eric au 06 47 83 24 32.<\/font><\/p>\n<p><font face=\"Times New Roman\">*\u00a0L&rsquo;exposition photographies \u00a0\u00bb            Nature \u00a0\u00bb de Cyril Karlen est visible jusqu&rsquo;au 29 mars dans la            salle du haut. Cyril sublime la nature sous toutes ses formes,            \u00e0 la lumi\u00e8re du soleil.<\/font><\/p>\n<p><font face=\"Times New Roman\"><u><b>La semaine suivante \u00e0 la                Brass&rsquo;Vie :<\/b><\/u><\/font><\/p>\n<p><font>* Vendredi            27 mars, 20h00 &#8211; 23h30, soir\u00e9e Brass&rsquo;Celib, de vraies            rencontres pour les c\u00e9libataires de plus de 18 ans.\u00a0Plus            d&rsquo;informations et le formulaire d&rsquo;inscription <a href=\"https:\/\/brasscelib.notion.site\/infos-soiree\">ici<\/a>.\u00a0<\/font><\/p>\n<\/p><\/div>\n<div class=\"moz-text-html\" lang=\"x-unicode\"><i>Au          plaisir de vous voir dans la semaine,<\/i>        <\/p>\n<pre class=\"moz-signature\" style=\"white-space: normal\"><\/div>\n","protected":false},"excerpt":{"rendered":"<p>Bonjour \u00e0 toutes et tous, Les horaires d&rsquo;ouverture sont tenus \u00e0 jour sur la\u00a0page d&rsquo;accueil du site. ** Semaine du lundi 16 au dimanche 22 Mars 2026 ** Lundi : * 09h30 &#8211; 12h00 : Ouverture du lieu. Mardi : * 10h00 &#8211; 12h00 : Loisirs cr\u00e9atifs. Venez partager vos savoir-faire et vos id\u00e9es. Mercredi &hellip; <\/p>\n<p class=\"link-more\"><a href=\"https:\/\/vlap.fr\/labrassviedejupilles\/2026\/03\/15\/la-brassvie-de-jupilles-2026-semaine-n12\/\" class=\"more-link\">Continuer la lecture<span class=\"screen-reader-text\"> de &laquo;&nbsp;La Brass&rsquo;Vie de Jupilles. 2026 semaine n&deg;12&nbsp;&raquo;<\/span><\/a><\/p>\n","protected":false},"author":1,"featured_media":0,"comment_status":"closed","ping_status":"closed","sticky":false,"template":"","format":"standard","meta":{"footnotes":""},"categories":[1],"tags":[],"class_list":["post-2899","post","type-post","status-publish","format-standard","hentry","category-uncategorized"],"_links":{"self":[{"href":"https:\/\/vlap.fr\/labrassviedejupilles\/wp-json\/wp\/v2\/posts\/2899","targetHints":{"allow":["GET"]}}],"collection":[{"href":"https:\/\/vlap.fr\/labrassviedejupilles\/wp-json\/wp\/v2\/posts"}],"about":[{"href":"https:\/\/vlap.fr\/labrassviedejupilles\/wp-json\/wp\/v2\/types\/post"}],"author":[{"embeddable":true,"href":"https:\/\/vlap.fr\/labrassviedejupilles\/wp-json\/wp\/v2\/users\/1"}],"replies":[{"embeddable":true,"href":"https:\/\/vlap.fr\/labrassviedejupilles\/wp-json\/wp\/v2\/comments?post=2899"}],"version-history":[{"count":0,"href":"https:\/\/vlap.fr\/labrassviedejupilles\/wp-json\/wp\/v2\/posts\/2899\/revisions"}],"wp:attachment":[{"href":"https:\/\/vlap.fr\/labrassviedejupilles\/wp-json\/wp\/v2\/media?parent=2899"}],"wp:term":[{"taxonomy":"category","embeddable":true,"href":"https:\/\/vlap.fr\/labrassviedejupilles\/wp-json\/wp\/v2\/categories?post=2899"},{"taxonomy":"post_tag","embeddable":true,"href":"https:\/\/vlap.fr\/labrassviedejupilles\/wp-json\/wp\/v2\/tags?post=2899"}],"curies":[{"name":"wp","href":"https:\/\/api.w.org\/{rel}","templated":true}]}}