{"id":2871,"date":"2026-02-01T20:29:10","date_gmt":"2026-02-01T20:29:10","guid":{"rendered":"https:\/\/vlap.fr\/labrassviedejupilles\/?p=2871"},"modified":"2026-02-01T21:55:37","modified_gmt":"2026-02-01T21:55:37","slug":"la-brassvie-de-jupilles-2026-semaine-n6","status":"publish","type":"post","link":"https:\/\/vlap.fr\/labrassviedejupilles\/2026\/02\/01\/la-brassvie-de-jupilles-2026-semaine-n6\/","title":{"rendered":"La Brass&rsquo;Vie de Jupilles. 2026 semaine n&deg;6"},"content":{"rendered":"<div class=\"postie-post\">\n<div>\n<div class=\"moz-text-html\" lang=\"x-unicode\">\n<p>Bonjour \u00e0 toutes et tous,<\/p>\n<p>Les horaires d&rsquo;ouverture sont tenus \u00e0 jour sur la <a href=\"https:\/\/vlap.fr\/labrassviedejupilles\/#content\">page            d&rsquo;accueil du site<\/a>.<\/p>\n<p><b>** Semaine du lundi 2 au dimanche 08 F\u00e9vrier 2026 **<\/b> <\/p>\n<p><u><b>Lundi :<\/b><\/u><\/p>\n<p>* 09h30 &#8211; 12h00 : Ouverture du lieu.<\/p>\n<p><u><b>Mardi :<\/b><\/u><\/p>\n<p>* 10h00 &#8211; 12h00 : Loisirs cr\u00e9atifs. Venez partager vos          savoir-faire et vos id\u00e9es<\/p>\n<p><u><b>Mercredi :<\/b><\/u><\/p>\n<p>* 18h00 &#8211; 20h30 : Atelier dessin et pastel sec. <\/p>\n<p><u><b>Jeudi :<\/b><\/u><\/p>\n<p>* 18h30 &#8211; 20h30 : L\u00e2chage Vocal. Fred Pizza est sur la place du          village.<\/p>\n<p>* 21h00 &#8211; 23h30 : Brouillon de sc\u00e8ne, organisation musicale et          participative des sc\u00e8nes ouvertes. (Chaque premier jeudi du          mois) <\/p>\n<p><u><b>Vendredi :<\/b><\/u><\/p>\n<p>* 13h00 &#8211; 17h30 : Jeux de soci\u00e9t\u00e9, bar sans alcool.<\/p>\n<p><u><b>Dimanche :<\/b><\/u><\/p>\n<p>* Pour le philocaf\u00e9, contacter Eric au 06 47 83 24 32.<\/p>\n<p>Exposition des photographies en noir et blanc de Nicole Olivier          : elles d\u00e9voilent ses ombres et sa lumi\u00e8re \u00e0 travers des          autoportraits.<\/p>\n<p><b><u>Informations :\u00a0<\/u><\/b><\/p>\n<p>La journ\u00e9e fabrication en osier est fix\u00e9e au vendredi 20          f\u00e9vrier. Le soir aura lieu la diffusion du film \u00ab\u00a0<i>Au fabuleux            bistrot de Jeanine<\/i>\u00ab\u00a0. Et le lendemain une soir\u00e9e projection          et discussion autour de l&rsquo;entraide envers les paysans et          paysannes.<\/p>\n<\/p><\/div>\n<div class=\"moz-text-html\" lang=\"x-unicode\"><i>Au plaisir de vous          voir dans la semaine,<\/i>        <\/p>\n<pre class=\"moz-signature\" style=\"white-space:normal\">          <\/div>\n","protected":false},"excerpt":{"rendered":"<p>Bonjour \u00e0 toutes et tous, Les horaires d&rsquo;ouverture sont tenus \u00e0 jour sur la page d&rsquo;accueil du site. ** Semaine du lundi 2 au dimanche 08 F\u00e9vrier 2026 ** Lundi : * 09h30 &#8211; 12h00 : Ouverture du lieu. Mardi : * 10h00 &#8211; 12h00 : Loisirs cr\u00e9atifs. Venez partager vos savoir-faire et vos id\u00e9es &hellip; <\/p>\n<p class=\"link-more\"><a href=\"https:\/\/vlap.fr\/labrassviedejupilles\/2026\/02\/01\/la-brassvie-de-jupilles-2026-semaine-n6\/\" class=\"more-link\">Continuer la lecture<span class=\"screen-reader-text\"> de &laquo;&nbsp;La Brass&rsquo;Vie de Jupilles. 2026 semaine n&deg;6&nbsp;&raquo;<\/span><\/a><\/p>\n","protected":false},"author":1,"featured_media":0,"comment_status":"closed","ping_status":"closed","sticky":false,"template":"","format":"standard","meta":{"footnotes":""},"categories":[1],"tags":[],"class_list":["post-2871","post","type-post","status-publish","format-standard","hentry","category-uncategorized"],"_links":{"self":[{"href":"https:\/\/vlap.fr\/labrassviedejupilles\/wp-json\/wp\/v2\/posts\/2871","targetHints":{"allow":["GET"]}}],"collection":[{"href":"https:\/\/vlap.fr\/labrassviedejupilles\/wp-json\/wp\/v2\/posts"}],"about":[{"href":"https:\/\/vlap.fr\/labrassviedejupilles\/wp-json\/wp\/v2\/types\/post"}],"author":[{"embeddable":true,"href":"https:\/\/vlap.fr\/labrassviedejupilles\/wp-json\/wp\/v2\/users\/1"}],"replies":[{"embeddable":true,"href":"https:\/\/vlap.fr\/labrassviedejupilles\/wp-json\/wp\/v2\/comments?post=2871"}],"version-history":[{"count":0,"href":"https:\/\/vlap.fr\/labrassviedejupilles\/wp-json\/wp\/v2\/posts\/2871\/revisions"}],"wp:attachment":[{"href":"https:\/\/vlap.fr\/labrassviedejupilles\/wp-json\/wp\/v2\/media?parent=2871"}],"wp:term":[{"taxonomy":"category","embeddable":true,"href":"https:\/\/vlap.fr\/labrassviedejupilles\/wp-json\/wp\/v2\/categories?post=2871"},{"taxonomy":"post_tag","embeddable":true,"href":"https:\/\/vlap.fr\/labrassviedejupilles\/wp-json\/wp\/v2\/tags?post=2871"}],"curies":[{"name":"wp","href":"https:\/\/api.w.org\/{rel}","templated":true}]}}