{"id":2867,"date":"2026-01-25T20:37:16","date_gmt":"2026-01-25T20:37:16","guid":{"rendered":"https:\/\/vlap.fr\/labrassviedejupilles\/?p=2867"},"modified":"2026-01-25T21:56:44","modified_gmt":"2026-01-25T21:56:44","slug":"la-brassvie-de-jupilles-2026-semaine-n5","status":"publish","type":"post","link":"https:\/\/vlap.fr\/labrassviedejupilles\/2026\/01\/25\/la-brassvie-de-jupilles-2026-semaine-n5\/","title":{"rendered":"La Brass&rsquo;Vie de Jupilles. 2026 semaine n&deg;5"},"content":{"rendered":"<div class=\"postie-post\">\n<div>\n<div class=\"moz-text-html\" lang=\"x-unicode\">\n<p><font face=\"Times New Roman\">Bonjour \u00e0 toutes et tous,<\/font><\/p>\n<p><font face=\"Times New Roman\">Les horaires d&rsquo;ouverture sont            tenus \u00e0 jour sur la<span>\u00a0<\/span><a href=\"https:\/\/vlap.fr\/labrassviedejupilles\/#content\">page              d&rsquo;accueil du site<\/a>.<\/font><\/p>\n<p><font face=\"Times New Roman\"><b>** Semaine du lundi 26 Janvier              au dimanche 01 F\u00e9vrier 2026 **<\/b><\/font><\/p>\n<p><font face=\"Times New Roman\"><u><b>Lundi :<\/b><\/u><\/font><\/p>\n<p><font face=\"Times New Roman\">* 09h30 &#8211; 12h00 : Ouverture du            lieu.<\/font><\/p>\n<p><font face=\"Times New Roman\"><u><b>Mardi :<\/b><\/u><\/font><\/p>\n<p><font face=\"Times New Roman\">* 10h00 &#8211; 12h00 : Loisirs            cr\u00e9atifs. Venez partager vos savoir-faire et vos id\u00e9es.<\/font><\/p>\n<p><font face=\"Times New Roman\"><u><b>Mercredi :<\/b><\/u><\/font><\/p>\n<p><font face=\"Times New Roman\">* 09h30 &#8211; 15h00 :\u00a0Ouverture du            lieu.<\/font><\/p>\n<p><font face=\"Times New Roman\">* 18h30 &#8211; 20h00 : Atelier dessin            et pastel sec.<\/font><\/p>\n<p><font face=\"Times New Roman\"><u><b>Jeudi :<\/b><\/u><\/font><\/p>\n<p><font face=\"Times New Roman\">* 18h30 &#8211; 20h30 :\u00a0L\u00e2chage            Vocal.\u00a0M\u00eame si vous chantez comme une casserole vous \u00eates les            bienvenus ! Fred Pizza est sur la place du village.<\/font><\/p>\n<p><font face=\"Times New Roman\"><u><b>Vendredi :<\/b><\/u><\/font><\/p>\n<p><font face=\"Times New Roman\">* 20h00 &#8211; 23h30 :\u00a0Troisi\u00e8me soir\u00e9e            Brass&rsquo;C\u00e9lib. Fort de son succ\u00e8s, la soir\u00e9e est compl\u00e8te !<\/font><\/p>\n<p><font face=\"Times New Roman\"><u><b>Dimanche :<\/b><\/u><\/font><\/p>\n<p><font face=\"Times New Roman\">* 09h00 &#8211; 12h30 : Ouverture du            lieu.\u00a0<br \/>            L&rsquo;exposition de Nicole Olivier est visible dans la salle du            haut jusqu&rsquo;au 15 f\u00e9vrier. Ses photographies en noir et blanc            d\u00e9voilent ses ombres et sa lumi\u00e8re \u00e0 travers des            autoportraits.<\/font><\/p>\n<p><font face=\"Times New Roman\">* Pour le philocaf\u00e9, contacter            Eric au 06 47 83 24 32.<\/font><\/p>\n<p><font face=\"Times New Roman\">* 17h00 &#8211; 19h30 : R\u00e9union de            direction coll\u00e9giale. Premi\u00e8re r\u00e9union du mois, nouveaux et            nouvelles bienvenues. Ordre du jour ouvert.<\/font><\/p>\n<\/p><\/div>\n<div class=\"moz-text-html\" lang=\"x-unicode\"><i>Au          plaisir de vous voir dans la semaine,<\/i>        <\/p>\n<pre class=\"moz-signature\" style=\"white-space: normal\"><\/div>\n","protected":false},"excerpt":{"rendered":"<p>Bonjour \u00e0 toutes et tous, Les horaires d&rsquo;ouverture sont tenus \u00e0 jour sur la\u00a0page d&rsquo;accueil du site. ** Semaine du lundi 26 Janvier au dimanche 01 F\u00e9vrier 2026 ** Lundi : * 09h30 &#8211; 12h00 : Ouverture du lieu. Mardi : * 10h00 &#8211; 12h00 : Loisirs cr\u00e9atifs. Venez partager vos savoir-faire et vos id\u00e9es. &hellip; <\/p>\n<p class=\"link-more\"><a href=\"https:\/\/vlap.fr\/labrassviedejupilles\/2026\/01\/25\/la-brassvie-de-jupilles-2026-semaine-n5\/\" class=\"more-link\">Continuer la lecture<span class=\"screen-reader-text\"> de &laquo;&nbsp;La Brass&rsquo;Vie de Jupilles. 2026 semaine n&deg;5&nbsp;&raquo;<\/span><\/a><\/p>\n","protected":false},"author":1,"featured_media":0,"comment_status":"closed","ping_status":"closed","sticky":false,"template":"","format":"standard","meta":{"footnotes":""},"categories":[1],"tags":[],"class_list":["post-2867","post","type-post","status-publish","format-standard","hentry","category-uncategorized"],"_links":{"self":[{"href":"https:\/\/vlap.fr\/labrassviedejupilles\/wp-json\/wp\/v2\/posts\/2867","targetHints":{"allow":["GET"]}}],"collection":[{"href":"https:\/\/vlap.fr\/labrassviedejupilles\/wp-json\/wp\/v2\/posts"}],"about":[{"href":"https:\/\/vlap.fr\/labrassviedejupilles\/wp-json\/wp\/v2\/types\/post"}],"author":[{"embeddable":true,"href":"https:\/\/vlap.fr\/labrassviedejupilles\/wp-json\/wp\/v2\/users\/1"}],"replies":[{"embeddable":true,"href":"https:\/\/vlap.fr\/labrassviedejupilles\/wp-json\/wp\/v2\/comments?post=2867"}],"version-history":[{"count":0,"href":"https:\/\/vlap.fr\/labrassviedejupilles\/wp-json\/wp\/v2\/posts\/2867\/revisions"}],"wp:attachment":[{"href":"https:\/\/vlap.fr\/labrassviedejupilles\/wp-json\/wp\/v2\/media?parent=2867"}],"wp:term":[{"taxonomy":"category","embeddable":true,"href":"https:\/\/vlap.fr\/labrassviedejupilles\/wp-json\/wp\/v2\/categories?post=2867"},{"taxonomy":"post_tag","embeddable":true,"href":"https:\/\/vlap.fr\/labrassviedejupilles\/wp-json\/wp\/v2\/tags?post=2867"}],"curies":[{"name":"wp","href":"https:\/\/api.w.org\/{rel}","templated":true}]}}