{"id":2857,"date":"2025-12-14T20:48:16","date_gmt":"2025-12-14T20:48:16","guid":{"rendered":"https:\/\/vlap.fr\/labrassviedejupilles\/?p=2857"},"modified":"2025-12-14T21:56:43","modified_gmt":"2025-12-14T21:56:43","slug":"fte-du-solstice-dhiver-et-atelier-de-peinture-sur-toile-cette-semaine-la-brassvie","status":"publish","type":"post","link":"https:\/\/vlap.fr\/labrassviedejupilles\/2025\/12\/14\/fte-du-solstice-dhiver-et-atelier-de-peinture-sur-toile-cette-semaine-la-brassvie\/","title":{"rendered":"F&ecirc;te du solstice d&rsquo;hiver et atelier de peinture sur toile cette semaine &agrave; la Brass&rsquo;Vie"},"content":{"rendered":"<div class=\"postie-post\">\n<div>\n<div class=\"moz-text-html\" lang=\"x-unicode\"  style=\"color: rgb(0, 0, 0); font-family: \"Times New Roman\"; font-size: medium; font-style: normal; font-variant-ligatures: normal; font-variant-caps: normal; font-weight: 400; letter-spacing: normal; orphans: 2; text-align: start; text-indent: 0px; text-transform: none; widows: 2; word-spacing: 0px; -webkit-text-stroke-width: 0px; white-space: normal; text-decoration-thickness: initial; text-decoration-style: initial; text-decoration-color: initial;\">\n<p><font face=\"Times New Roman\">Bonjour \u00e0 toutes et tous,<\/font><\/p>\n<p><font face=\"Times New Roman\">Les horaires d&rsquo;ouverture sont            tenus \u00e0 jour sur la<span>\u00a0<\/span><a              href=\"https:\/\/vlap.fr\/labrassviedejupilles\/#content\">page              d&rsquo;accueil du site<\/a>.<\/font><\/p>\n<p><font face=\"Times New Roman\"><b>** Semaine du lundi 15 au              dimanche 21 D\u00e9cembre 2025 **<\/b><\/font><\/p>\n<p><font face=\"Times New Roman\"><u><b>Lundi :<\/b><\/u><\/font><\/p>\n<p><font face=\"Times New Roman\">* 09h30 &#8211; 12h00 : Ouverture du            lieu.<\/font><\/p>\n<p><font face=\"Times New Roman\">* 17h00 &#8211; 19h30 : Tournois de            fl\u00e9chettes. Suivi d&rsquo;un repas partag\u00e9 pour qui le souhaite.<\/font><\/p>\n<p><font face=\"Times New Roman\"><u><b>Mardi :<\/b><\/u><\/font><\/p>\n<p><font face=\"Times New Roman\">* 10h00 &#8211; 12h00 : Loisirs            cr\u00e9atifs. Venez partager vos savoir-faire et vos id\u00e9es.<\/font><\/p>\n<p><font face=\"Times New Roman\"><u><b>Mercredi :<\/b><\/u><\/font><\/p>\n<p><font face=\"Times New Roman\">* 18h30 &#8211; 20h30 : Atelier dessin            et pastel sec par Anny.<\/font><\/p>\n<p><font face=\"Times New Roman\"><u><b>Jeudi :<\/b><\/u><\/font><\/p>\n<p><font face=\"Times New Roman\">* 18h30 &#8211; 20h30 : Dernier L\u00e2chage            Vocal de l&rsquo;ann\u00e9e.\u00a0 M\u00eame si vous chantez comme une casserole            vous \u00eates les bienvenus ! Fred Pizza est sur la place du            village.<\/font><\/p>\n<p><font face=\"Times New Roman\"><u><b>Vendredi :<\/b><\/u><\/font><\/p>\n<p><font face=\"Times New Roman\">* 21h00 &#8211; 23h30 :\u00a0Sc\u00e8ne ouverte.            Venez avec vos instruments ou profitez de ceux disponibles sur            place.<\/font><\/p>\n<p><font face=\"Times New Roman\"><u><b>Samedi :<\/b><\/u><\/font><\/p>\n<p><font face=\"Times New Roman\">* 14h00 &#8211; 16h30 :\u00a0l&rsquo;artiste            Flowrence3 anime un atelier de peinture sur toile m\u00ealant            peinture et scotch, pour jouer avec les formes, la couleur et            la lumi\u00e8re. Le mat\u00e9riel est fourni. 10 personnes maximum,            r\u00e9servation obligatoire par sms au 06 44 30 71 15.<br \/>            Son exposition \u00ab\u00a0<a              href=\"https:\/\/www.instagram.com\/flowrenc3\/p\/DQyuKUlgZ4q\/\">Entre              Abstraction et Lumi\u00e8re<\/a>\u00a0\u00bb\u00a0est visible jusqu&rsquo;au 4 janvier            2026 au 1er \u00e9tage du Saint-Jacques.<\/font><\/p>\n<p><font face=\"Times New Roman\"><u><b>Dimanche :<\/b><\/u><\/font><\/p>\n<p><font face=\"Times New Roman\">* 9h30 &#8211; 21h00 : Ouverture du            lieu.<\/font><\/p>\n<p><font face=\"Times New Roman\">* Pour le philocaf\u00e9, contacter            Eric au 06 47 83 24 32.<\/font><\/p>\n<p><font face=\"Times New Roman\">* 12h30 &#8211; 14h00 : Venez\u00a0d\u00e9guster            la cuisine de nos b\u00e9n\u00e9voles. Au menu : tarte aux poireaux avec            du fromage de ch\u00e8vre, salade et riz au lait.\u00a0Merci de r\u00e9server            par mail ou par sms au 06 13 61 90 59.<\/font><\/p>\n<p><font face=\"Times New Roman\">* 14h00 &#8211; 21h00 : C&rsquo;est la f\u00eate du            solstice d&rsquo;hiver avec la <a              href=\"https:\/\/www.facebook.com\/maisonbleue72\">Maison Bleue<\/a>.            Au programme de l&rsquo;apr\u00e8s-midi, des lectures de contes et des            ateliers manuels pour les grands et les petits (cr\u00e9ation de            photophores, d\u00e9corations de b\u00fbches et de couronnes, ou encore            cr\u00e9ation d&rsquo;un kamishiba\u00ef autour du conte \u00ab\u00a0les f\u00e9es de Yule,            histoire du solstice d&rsquo;hiver\u00a0\u00bb), avec un\u00a0go\u00fbter partag\u00e9 pour            reprendre des forces.\u00a0Plus d&rsquo;infos <a  href=\"https:\/\/www.facebook.com\/photo?fbid=1210843467863687&amp;set=a.1132887018992666\">ici<\/a>.            Pour faciliter l&rsquo;organisation merci de r\u00e9server en \u00e9crivant \u00e0\u00a0<span  style=\"color: rgb(8, 8, 9); font-style: normal; font-variant-ligatures: normal; font-variant-caps: normal; font-weight: 400; letter-spacing: normal; text-align: start; text-indent: 0px; text-transform: none; word-spacing: 0px; -webkit-text-stroke-width: 0px; white-space: pre-wrap; background-color: rgb(255, 255, 255); text-decoration-thickness: initial; text-decoration-style: initial; text-decoration-color: initial; display: inline !important; float: none;\"><a            class=\"moz-txt-link-freetext\">lamaisonbleuejupilles@gmail.com<\/a>.<\/span><\/font><\/p>\n<p><font face=\"Times New Roman\">* 19h00 &#8211; 21h00 : Repas partag\u00e9            avec une soupe collective : apportez quelques l\u00e9gumes, du            pain, du fromage et votre bonne humeur !<\/font><\/p>\n<p><font face=\"Times New Roman\"><b><span  style=\"font-variant-ligatures: normal; font-variant-caps: normal; letter-spacing: normal; text-align: start; text-indent: 0px; text-transform: none; word-spacing: 0px; white-space: normal; background-color: rgb(255, 255, 255); text-decoration-style: initial; text-decoration-color: initial; display: inline !important; float: none;\"><u>La                  semaine prochaine \u00e0 la Brass&rsquo;Vie :<\/u><\/span><\/b><\/font><\/p>\n<p><font face=\"Times New Roman\">* Mercredi 24 d\u00e9cembre, \u00e0 partir            de 19h30 (et jusqu&rsquo;au bout de la nuit), repas de No\u00ebl avec au            menu : amuses bouches, saumon, filet mignon feuillet\u00e9, gratin            et un dessert (pour 12\u20ac). R\u00e9servation obligatoire par retour            de mail ou sms au\u00a006 13 61 90 59. On recherche des b\u00e9n\u00e9voles            pour cette soir\u00e9e festive.<\/font><\/p>\n<p><font face=\"Times New Roman\">* Vendredi 26 d\u00e9cembre, de 20h00 \u00e0            23h00, deuxi\u00e8me soir\u00e9e Brass&rsquo;C\u00e9lib. De vraies rencontres pour            les c\u00e9libataires de plus de 18 ans. Tous les d\u00e9tails du            concept et de la soir\u00e9e sont <a href=\"Https:\/\/urls.fr\/82V5_t\">ici<\/a>.<\/font><\/p>\n<\/p><\/div>\n<div class=\"moz-text-html\" lang=\"x-unicode\"  style=\"color: rgb(0, 0, 0); font-family: \"Times New Roman\"; font-size: medium; font-style: normal; font-variant-ligatures: normal; font-variant-caps: normal; font-weight: 400; letter-spacing: normal; orphans: 2; text-align: start; text-indent: 0px; text-transform: none; widows: 2; word-spacing: 0px; -webkit-text-stroke-width: 0px; white-space: normal; text-decoration-thickness: initial; text-decoration-style: initial; text-decoration-color: initial;\"><i>Au          plaisir de vous voir dans la semaine,<\/i>        <\/p>\n<pre class=\"moz-signature\" cols=\"72\" style=\"white-space: normal;\"><\/div>\n","protected":false},"excerpt":{"rendered":"<p>Bonjour \u00e0 toutes et tous, Les horaires d&rsquo;ouverture sont tenus \u00e0 jour sur la\u00a0page d&rsquo;accueil du site. ** Semaine du lundi 15 au dimanche 21 D\u00e9cembre 2025 ** Lundi : * 09h30 &#8211; 12h00 : Ouverture du lieu. * 17h00 &#8211; 19h30 : Tournois de fl\u00e9chettes. Suivi d&rsquo;un repas partag\u00e9 pour qui le souhaite. Mardi &hellip; <\/p>\n<p class=\"link-more\"><a href=\"https:\/\/vlap.fr\/labrassviedejupilles\/2025\/12\/14\/fte-du-solstice-dhiver-et-atelier-de-peinture-sur-toile-cette-semaine-la-brassvie\/\" class=\"more-link\">Continuer la lecture<span class=\"screen-reader-text\"> de &laquo;&nbsp;F&ecirc;te du solstice d&rsquo;hiver et atelier de peinture sur toile cette semaine &agrave; la Brass&rsquo;Vie&nbsp;&raquo;<\/span><\/a><\/p>\n","protected":false},"author":1,"featured_media":0,"comment_status":"closed","ping_status":"closed","sticky":false,"template":"","format":"standard","meta":{"footnotes":""},"categories":[1],"tags":[],"class_list":["post-2857","post","type-post","status-publish","format-standard","hentry","category-uncategorized"],"_links":{"self":[{"href":"https:\/\/vlap.fr\/labrassviedejupilles\/wp-json\/wp\/v2\/posts\/2857","targetHints":{"allow":["GET"]}}],"collection":[{"href":"https:\/\/vlap.fr\/labrassviedejupilles\/wp-json\/wp\/v2\/posts"}],"about":[{"href":"https:\/\/vlap.fr\/labrassviedejupilles\/wp-json\/wp\/v2\/types\/post"}],"author":[{"embeddable":true,"href":"https:\/\/vlap.fr\/labrassviedejupilles\/wp-json\/wp\/v2\/users\/1"}],"replies":[{"embeddable":true,"href":"https:\/\/vlap.fr\/labrassviedejupilles\/wp-json\/wp\/v2\/comments?post=2857"}],"version-history":[{"count":0,"href":"https:\/\/vlap.fr\/labrassviedejupilles\/wp-json\/wp\/v2\/posts\/2857\/revisions"}],"wp:attachment":[{"href":"https:\/\/vlap.fr\/labrassviedejupilles\/wp-json\/wp\/v2\/media?parent=2857"}],"wp:term":[{"taxonomy":"category","embeddable":true,"href":"https:\/\/vlap.fr\/labrassviedejupilles\/wp-json\/wp\/v2\/categories?post=2857"},{"taxonomy":"post_tag","embeddable":true,"href":"https:\/\/vlap.fr\/labrassviedejupilles\/wp-json\/wp\/v2\/tags?post=2857"}],"curies":[{"name":"wp","href":"https:\/\/api.w.org\/{rel}","templated":true}]}}