{"id":2822,"date":"2025-11-02T19:50:42","date_gmt":"2025-11-02T19:50:42","guid":{"rendered":"https:\/\/vlap.fr\/labrassviedejupilles\/?p=2822"},"modified":"2025-11-02T19:53:13","modified_gmt":"2025-11-02T19:53:13","slug":"la-brassvie-de-jupilles-2025-semaine-n45","status":"publish","type":"post","link":"https:\/\/vlap.fr\/labrassviedejupilles\/2025\/11\/02\/la-brassvie-de-jupilles-2025-semaine-n45\/","title":{"rendered":"La Brass&rsquo;Vie de Jupilles. 2025 semaine n&deg;45"},"content":{"rendered":"<div class=\"postie-post\">\n<div>\n<div class=\"moz-text-html\" lang=\"x-unicode\">\n<div class=\"moz-text-html\" lang=\"x-unicode\">\n<p>Bonjour \u00e0 toutes et tous,<\/p>\n<p>          Cette semaine est riche en activit\u00e9s : une chaque jour !          <\/p>\n<p><b>** Semaine du lundi 3 au dimanche 09 Novembre 2025 **<\/b>          <\/p>\n<p>Les horaires d&rsquo;ouverture sont tenus \u00e0 jour sur la <a              href=\"https:\/\/vlap.fr\/labrassviedejupilles\/#content\">page              d&rsquo;accueil du site<\/a>.<\/p>\n<p><u><b>Lundi :<\/b><\/u><\/p>\n<p>* 16h30 &#8211; 19h00 : Ouverture par Guillaume.<\/p>\n<p>* 17h30 &#8211; 19h00 : Fl\u00e9chettes. <\/p>\n<p><u><b>Mardi :<\/b><\/u><\/p>\n<p>* 10h00 &#8211; 12h00 : Loisirs cr\u00e9atifs. Venez partager vos            savoir-faire et vos id\u00e9es.<\/p>\n<p><u><b>Mercredi :<\/b><\/u><\/p>\n<p>* 18h30 &#8211; 20h30 : Atelier dessin et pastel sec avec Anny. <\/p>\n<p><u><b>Jeudi :<\/b><\/u><\/p>\n<p>* 18h30 &#8211; 20h30 : L\u00e2chage Vocal (le retour).\u00a0<\/p>\n<p>* 21h00 &#8211; 23h30 : Brouillon de sc\u00e8ne. On s&rsquo;entra\u00eene \u00e0 jouer            ensemble, apportez votre instrument.<\/p>\n<p><u><b>Vendredi :<\/b><\/u><\/p>\n<p>* 13h00 &#8211; 18h00 : Bar sans alcool. Jeux de soci\u00e9t\u00e9s \u00e0            disposition.<\/p>\n<p><u><b>Samedi :<\/b><\/u><\/p>\n<p>* 15h00 &#8211; 18h00 : R\u00e9p\u00e9tition Marc Perrone. Pr\u00e9paration du 13            d\u00e9cembre. Ouvert \u00e0 tout ou toute musicienne d\u00e9sireuse de            participer.<\/p>\n<p>* 20h30 (autre \u00e0 Jupilles) : Bal folk organis\u00e9 par le foyer            rural de Jupilles. Natalan, Berc\u00e9danse, les bretons du Mans.            Entr\u00e9e adulte 10\u20ac. <\/p>\n<p><u><b>Dimanche :<\/b><\/u><\/p>\n<p>L&rsquo;exposition de dessins et textes de Jo\u00ebl Picard \u00ab\u00a0au pays des            oulines \u00a0\u00bb est visible du 19 octobre au 23 novembre.<\/p>\n<p>* Pour le philocaf\u00e9, contacter Eric au 06 47 83 24 32.<\/p>\n<p>* 15h30 &#8211; 18h30 : Th\u00e9\u00e2tre (complet). R\u00e9p\u00e9tition \u00e0 l&rsquo;\u00e9tage.<\/p>\n<p><b><u>Information :<\/u><\/b>\u00a0<\/p>\n<p>Le pays de la Vall\u00e9e du Loir organise des journ\u00e9es citoyennes            autour de l&rsquo;alimentation. C&rsquo;est gratuit, vendredi et samedi. <a  href=\"https:\/\/pays-valleeduloir.fr\/fileadmin\/Ressources\/Publication\/Programmes\/pat-paysvalleeduloir-journee-citoyenne-2025-flyer.pdf\">informations              ici<\/a>.\u00a0<\/p>\n<\/p><\/div>\n<div class=\"moz-text-html\" lang=\"x-unicode\"><i>Au plaisir de vous            voir dans la semaine,<\/i>          <\/p>\n<pre class=\"moz-signature\" cols=\"72\" style=\"white-space:normal\">            <\/div>\n","protected":false},"excerpt":{"rendered":"<p>Bonjour \u00e0 toutes et tous, Cette semaine est riche en activit\u00e9s : une chaque jour ! ** Semaine du lundi 3 au dimanche 09 Novembre 2025 ** Les horaires d&rsquo;ouverture sont tenus \u00e0 jour sur la page d&rsquo;accueil du site. Lundi : * 16h30 &#8211; 19h00 : Ouverture par Guillaume. * 17h30 &#8211; 19h00 : &hellip; <\/p>\n<p class=\"link-more\"><a href=\"https:\/\/vlap.fr\/labrassviedejupilles\/2025\/11\/02\/la-brassvie-de-jupilles-2025-semaine-n45\/\" class=\"more-link\">Continuer la lecture<span class=\"screen-reader-text\"> de &laquo;&nbsp;La Brass&rsquo;Vie de Jupilles. 2025 semaine n&deg;45&nbsp;&raquo;<\/span><\/a><\/p>\n","protected":false},"author":1,"featured_media":0,"comment_status":"closed","ping_status":"closed","sticky":false,"template":"","format":"standard","meta":{"footnotes":""},"categories":[1],"tags":[],"class_list":["post-2822","post","type-post","status-publish","format-standard","hentry","category-uncategorized"],"_links":{"self":[{"href":"https:\/\/vlap.fr\/labrassviedejupilles\/wp-json\/wp\/v2\/posts\/2822","targetHints":{"allow":["GET"]}}],"collection":[{"href":"https:\/\/vlap.fr\/labrassviedejupilles\/wp-json\/wp\/v2\/posts"}],"about":[{"href":"https:\/\/vlap.fr\/labrassviedejupilles\/wp-json\/wp\/v2\/types\/post"}],"author":[{"embeddable":true,"href":"https:\/\/vlap.fr\/labrassviedejupilles\/wp-json\/wp\/v2\/users\/1"}],"replies":[{"embeddable":true,"href":"https:\/\/vlap.fr\/labrassviedejupilles\/wp-json\/wp\/v2\/comments?post=2822"}],"version-history":[{"count":0,"href":"https:\/\/vlap.fr\/labrassviedejupilles\/wp-json\/wp\/v2\/posts\/2822\/revisions"}],"wp:attachment":[{"href":"https:\/\/vlap.fr\/labrassviedejupilles\/wp-json\/wp\/v2\/media?parent=2822"}],"wp:term":[{"taxonomy":"category","embeddable":true,"href":"https:\/\/vlap.fr\/labrassviedejupilles\/wp-json\/wp\/v2\/categories?post=2822"},{"taxonomy":"post_tag","embeddable":true,"href":"https:\/\/vlap.fr\/labrassviedejupilles\/wp-json\/wp\/v2\/tags?post=2822"}],"curies":[{"name":"wp","href":"https:\/\/api.w.org\/{rel}","templated":true}]}}