{"id":2821,"date":"2025-10-26T21:15:46","date_gmt":"2025-10-26T21:15:46","guid":{"rendered":"https:\/\/vlap.fr\/labrassviedejupilles\/?p=2821"},"modified":"2025-10-26T22:00:38","modified_gmt":"2025-10-26T22:00:38","slug":"soire-halloween-pour-les-petits-et-les-grands","status":"publish","type":"post","link":"https:\/\/vlap.fr\/labrassviedejupilles\/2025\/10\/26\/soire-halloween-pour-les-petits-et-les-grands\/","title":{"rendered":"Soir&eacute;e Halloween pour les petits et les grands"},"content":{"rendered":"<div class=\"postie-post\">\n<div>\n<div class=\"moz-text-html\" lang=\"x-unicode\"  style=\"color: rgb(0, 0, 0); font-family: \"Times New Roman\"; font-style: normal; font-variant-ligatures: normal; font-variant-caps: normal; font-weight: 400; letter-spacing: normal; text-align: start; text-indent: 0px; text-transform: none; word-spacing: 0px; -webkit-text-stroke-width: 0px; white-space: normal; text-decoration-thickness: initial; text-decoration-style: initial; text-decoration-color: initial;\">\n<p><font face=\"Times New Roman\">Bonjour \u00e0 toutes et tous,<\/font><\/p>\n<p><font face=\"Times New Roman\">Gr\u00e2ce \u00e0 nos courageux b\u00e9n\u00e9voles,            la Brass&rsquo;Vie s&rsquo;est refaite une beaut\u00e9. Un grand merci \u00e0            Isabelle, Michel et Jo\u00ebl P. qui se sont attel\u00e9s aux peintures            de la fa\u00e7ade, ainsi qu&rsquo;\u00e0 Gilles et\u00a0<\/font><font            face=\"Times New Roman\">Jo\u00ebl P.\u00a0<\/font><font            face=\"Times New Roman\">qui ont install\u00e9 les gardes corps aux            fen\u00eatres du Saint-Jacques. C\u00f4t\u00e9 jardin, Sabine et Mathieu se            sont attaqu\u00e9s aux tables avec de la peinture Su\u00e9doise. En            esp\u00e9rant n&rsquo;avoir oubli\u00e9 personne.\u00a0<\/font><\/p>\n<p><font face=\"Times New Roman\">Les horaires d&rsquo;ouverture sont            tenus \u00e0 jour sur la<span>\u00a0<\/span><a              href=\"https:\/\/vlap.fr\/labrassviedejupilles\/#content\">page              d&rsquo;accueil du site<\/a>.<\/font><\/p>\n<p><font face=\"Times New Roman\"><b>** Semaine du lundi 27 Octobre              au dimanche 02 Novembre 2025 **<\/b><\/font><\/p>\n<p><font face=\"Times New Roman\"><u><b>Lundi :<\/b><\/u><\/font><\/p>\n<p><font face=\"Times New Roman\">* 09h30 &#8211; 12h00 : Ouverture du            lieu.<\/font><\/p>\n<p><font face=\"Times New Roman\">* 17h30 &#8211; 19h00 : Reprise des            fl\u00e9chettes, d\u00e9butants accept\u00e9s.<\/font><\/p>\n<p><font face=\"Times New Roman\"><u><b>Mardi :<\/b><\/u><\/font><\/p>\n<p><font face=\"Times New Roman\">* 10h00 &#8211; 12h00 : Loisirs            cr\u00e9atifs. Venez partager vos savoir-faire et vos id\u00e9es.<\/font><\/p>\n<p><font face=\"Times New Roman\"><u><b>Jeudi :<\/b><\/u><\/font><\/p>\n<p><font face=\"Times New Roman\">* Le L\u00e2chage Vocal fait une pause.            RDV le 6 novembre pour la reprise. <br \/>          <\/font><\/p>\n<p><font face=\"Times New Roman\"><u><b>Vendredi :<\/b><\/u><\/font><\/p>\n<p><font face=\"Times New Roman\">* 18h30 &#8211; 23h00 : \u00c0 l&rsquo;occasion            d&rsquo;Halloween, les enfants, petits et grands, sont invit\u00e9s \u00e0            18h30 pour une enqu\u00eate dans le village, au d\u00e9part de la            Brass&rsquo;vie. Une fois l&rsquo;\u00e9nigme r\u00e9solue, nous nous retrouverons,            adultes et enfants, autour d&rsquo;un repas partag\u00e9. Participation :            un paquet de bonbons par famille et de quoi contribuer au            repas partag\u00e9. Attention, pour des questions d&rsquo;organisation,            l&rsquo;activit\u00e9 est limit\u00e9e \u00e0 30 enfants. R\u00e9servation par SMS au 06            85 07 01 50.<br \/>            Si vous souhaitez nous aider \u00e0 pr\u00e9parer, n&rsquo;h\u00e9sitez pas \u00e0 nous            rejoindre d\u00e8s 15h30.<\/font><\/p>\n<p><font face=\"Times New Roman\"><u><b>Samedi :<\/b><\/u><\/font><\/p>\n<p><font face=\"Times New Roman\">* 15h00 &#8211; 18h00 : Atelier            informatique. Aide diverse selon les demandes. Discussion de            la fin programm\u00e9e de Windows 10 et des solutions alternatives.<\/font><\/p>\n<p><font face=\"Times New Roman\"><u><b>Dimanche :<\/b><\/u><\/font><\/p>\n<p><font face=\"Times New Roman\">* 09h30 &#8211; 18h30 : Ouverture du            lieu.<\/font><\/p>\n<p><font face=\"Times New Roman\">* Pour le philocaf\u00e9, contacter            Eric au 06 47 83 24 32.<\/font><\/p>\n<p><font face=\"Times New Roman\"><b><span  style=\"font-style: normal; font-variant-ligatures: normal; font-variant-caps: normal; letter-spacing: normal; text-align: start; text-indent: 0px; text-transform: none; word-spacing: 0px; -webkit-text-stroke-width: 0px; white-space: normal; background-color: rgb(255, 255, 255); text-decoration-thickness: initial; text-decoration-style: initial; text-decoration-color: initial; display: inline !important; float: none;\"><u>\u00c9galement                  \u00e0 la Brass&rsquo;Vie :<\/u><\/span><\/b><\/font><\/p>\n<p><font face=\"Times New Roman\">* L&rsquo;exposition\u00a0de\u00a0dessins et de            textes de Jo\u00ebl Picard \u00ab\u00a0au pays des\u00a0oulines\u00a0\u00bb est visible dans            la salle du haut jusqu&rsquo;au 23 novembre.<\/font><\/p>\n<p><font face=\"Times New Roman\"><b><span  style=\"font-style: normal; font-variant-ligatures: normal; font-variant-caps: normal; letter-spacing: normal; text-align: start; text-indent: 0px; text-transform: none; word-spacing: 0px; -webkit-text-stroke-width: 0px; white-space: normal; background-color: rgb(255, 255, 255); text-decoration-thickness: initial; text-decoration-style: initial; text-decoration-color: initial; display: inline !important; float: none;\"><u>Autre                  \u00e0 Jupilles :<\/u><\/span><\/b><\/font><\/p>\n<p><font face=\"Times New Roman\">* Vendredi 31 octobre : l&rsquo;APE            organise une chasse aux bonbons pour Halloween. Rendez-vous \u00e0            la salle des f\u00eates \u00e0 partir de 16h.<\/font><\/p>\n<\/p><\/div>\n<div class=\"moz-text-html\" lang=\"x-unicode\"  style=\"color: rgb(0, 0, 0); font-family: \"Times New Roman\"; font-size: medium; font-style: normal; font-variant-ligatures: normal; font-variant-caps: normal; font-weight: 400; letter-spacing: normal; orphans: 2; text-align: start; text-indent: 0px; text-transform: none; widows: 2; word-spacing: 0px; -webkit-text-stroke-width: 0px; white-space: normal; text-decoration-thickness: initial; text-decoration-style: initial; text-decoration-color: initial;\"><i>Au          plaisir de vous voir dans la semaine,<\/i>        <\/p>\n<pre class=\"moz-signature\" cols=\"72\" style=\"white-space: normal;\"><\/div>\n","protected":false},"excerpt":{"rendered":"<p>Bonjour \u00e0 toutes et tous, Gr\u00e2ce \u00e0 nos courageux b\u00e9n\u00e9voles, la Brass&rsquo;Vie s&rsquo;est refaite une beaut\u00e9. Un grand merci \u00e0 Isabelle, Michel et Jo\u00ebl P. qui se sont attel\u00e9s aux peintures de la fa\u00e7ade, ainsi qu&rsquo;\u00e0 Gilles et\u00a0Jo\u00ebl P.\u00a0qui ont install\u00e9 les gardes corps aux fen\u00eatres du Saint-Jacques. C\u00f4t\u00e9 jardin, Sabine et Mathieu se sont &hellip; <\/p>\n<p class=\"link-more\"><a href=\"https:\/\/vlap.fr\/labrassviedejupilles\/2025\/10\/26\/soire-halloween-pour-les-petits-et-les-grands\/\" class=\"more-link\">Continuer la lecture<span class=\"screen-reader-text\"> de &laquo;&nbsp;Soir&eacute;e Halloween pour les petits et les grands&nbsp;&raquo;<\/span><\/a><\/p>\n","protected":false},"author":1,"featured_media":0,"comment_status":"closed","ping_status":"closed","sticky":false,"template":"","format":"standard","meta":{"footnotes":""},"categories":[1],"tags":[],"class_list":["post-2821","post","type-post","status-publish","format-standard","hentry","category-uncategorized"],"_links":{"self":[{"href":"https:\/\/vlap.fr\/labrassviedejupilles\/wp-json\/wp\/v2\/posts\/2821","targetHints":{"allow":["GET"]}}],"collection":[{"href":"https:\/\/vlap.fr\/labrassviedejupilles\/wp-json\/wp\/v2\/posts"}],"about":[{"href":"https:\/\/vlap.fr\/labrassviedejupilles\/wp-json\/wp\/v2\/types\/post"}],"author":[{"embeddable":true,"href":"https:\/\/vlap.fr\/labrassviedejupilles\/wp-json\/wp\/v2\/users\/1"}],"replies":[{"embeddable":true,"href":"https:\/\/vlap.fr\/labrassviedejupilles\/wp-json\/wp\/v2\/comments?post=2821"}],"version-history":[{"count":0,"href":"https:\/\/vlap.fr\/labrassviedejupilles\/wp-json\/wp\/v2\/posts\/2821\/revisions"}],"wp:attachment":[{"href":"https:\/\/vlap.fr\/labrassviedejupilles\/wp-json\/wp\/v2\/media?parent=2821"}],"wp:term":[{"taxonomy":"category","embeddable":true,"href":"https:\/\/vlap.fr\/labrassviedejupilles\/wp-json\/wp\/v2\/categories?post=2821"},{"taxonomy":"post_tag","embeddable":true,"href":"https:\/\/vlap.fr\/labrassviedejupilles\/wp-json\/wp\/v2\/tags?post=2821"}],"curies":[{"name":"wp","href":"https:\/\/api.w.org\/{rel}","templated":true}]}}