{"id":2808,"date":"2025-09-14T18:56:37","date_gmt":"2025-09-14T18:56:37","guid":{"rendered":"https:\/\/vlap.fr\/labrassviedejupilles\/?p=2808"},"modified":"2025-09-14T19:49:31","modified_gmt":"2025-09-14T19:49:31","slug":"la-brassvie-de-jupilles-2025-semaine-n38","status":"publish","type":"post","link":"https:\/\/vlap.fr\/labrassviedejupilles\/2025\/09\/14\/la-brassvie-de-jupilles-2025-semaine-n38\/","title":{"rendered":"La Brass&rsquo;Vie de Jupilles. 2025 semaine n&deg;38"},"content":{"rendered":"<div class=\"postie-post\">\n<div>\n<div class=\"moz-text-html\" lang=\"x-unicode\"  style=\"color: rgb(0, 0, 0); font-style: normal; font-variant-ligatures: normal; font-variant-caps: normal; font-weight: 400; letter-spacing: normal; text-align: start; text-indent: 0px; text-transform: none; word-spacing: 0px; -webkit-text-stroke-width: 0px; white-space: normal; text-decoration-thickness: initial; text-decoration-style: initial; text-decoration-color: initial;\">\n<p><font face=\"Times New Roman\">Bonjour \u00e0 toutes et tous,<\/font><\/p>\n<p><font face=\"Times New Roman\">Ambiance pluvieuse mais            chaleureuse, \u00ab\u00a0comme d&rsquo;hab\u00a0\u00bb, ce dimanche et la semaine \u00e9coul\u00e9e            dans votre bistrot pr\u00e9f\u00e9r\u00e9. Les b\u00e9n\u00e9voles <a              moz-do-not-send=\"true\"  href=\"https:\/\/www.academie-francaise.fr\/se-succeder-au-participe-passe#:~:text=Si%20on%20remplace%20une%20personne,%C3%A9crit%20elles%20se%20sont%20parl%C3%A9.\">se              sont succ\u00e9d\u00e9<\/a> pour faire vivre le lieu. C&rsquo;est l&rsquo;occasion            de vous rappeler que les horaires d&rsquo;ouverture sont beaucoup            plus nombreux que sur ce mail et qu&rsquo;ils sont tenus \u00e0 jour sur            la<span>\u00a0<\/span><a              href=\"https:\/\/vlap.fr\/labrassviedejupilles\/#content\">page              d&rsquo;accueil du site<\/a>.<br \/>          <\/font> <font face=\"Times New Roman\"><br \/>            Vous avez toujours h\u00e9sit\u00e9 \u00e0 venir pr\u00e9parer un repas ? Les            cuisines sont libres ce dimanche. Un plat principal pour une            grosse vingtaine de personnes peut suffire. Envoyez-nous un            mail avant de vous jeter \u00e0 l&rsquo;eau.<\/font><\/p>\n<p><font face=\"Times New Roman\"><b>** Semaine du lundi 15 au              dimanche 21 Septembre 2025 **<\/b><\/font><\/p>\n<p><font face=\"Times New Roman\"><u><b>Lundi :<\/b><\/u><\/font><\/p>\n<p><font face=\"Times New Roman\">* 09h30 &#8211; 12h00 : Ouverture du            lieu.<\/font><\/p>\n<p><font face=\"Times New Roman\"><u><b>Mardi :<\/b><\/u><\/font><\/p>\n<p><font face=\"Times New Roman\">* 10h00 &#8211; 12h00 : Loisirs            cr\u00e9atifs. Venez partager vos savoir-faire et vos id\u00e9es.<\/font><\/p>\n<p><font face=\"Times New Roman\"><u><b>Mercredi :<\/b><\/u><\/font><\/p>\n<p><font face=\"Times New Roman\">* 13h00 &#8211; 18h00 : R\u00e9ginald ouvre            et propose des jeux.<\/font><\/p>\n<p><font face=\"Times New Roman\"><u><b>Jeudi :<\/b><\/u><\/font><\/p>\n<p><font face=\"Times New Roman\">* 18h30 &#8211; 20h30 : L\u00e2chage vocal.            Fred pizza est sur la place du village.<\/font><\/p>\n<p><font face=\"Times New Roman\"><u><b>Vendredi :<\/b><\/u><\/font><\/p>\n<p><font face=\"Times New Roman\">* 11h00 &#8211; 12h00 : Atelier mise en            mouvement.<\/font><\/p>\n<p><font face=\"Times New Roman\">* 13h00 &#8211; 18h00 : Ouverture par            R\u00e9ginald.<\/font><\/p>\n<p><font face=\"Times New Roman\">* 21h00\u00a0 : Sc\u00e8ne ouverte            boeuffante. On vient avec soi pour jouer avec l&rsquo;autre, les            autres.<\/font><\/p>\n<p><font face=\"Times New Roman\"><u><b>Dimanche :<\/b><\/u><\/font><\/p>\n<p><font face=\"Times New Roman\">* Pour le philocaf\u00e9, contacter            Eric au 06 47 83 24 32.<\/font><\/p>\n<p><font face=\"Times New Roman\">* 14h30 &#8211; 17h00 : tarot amical \u00e0 4            ou \u00e0 5 joueurs,\u00a0selon le nombre de joueurs pr\u00e9sents. Ne vous            inscrivez que si vous \u00eates s\u00fbr de venir, au\u00a006 10 83 89 03.<\/font><\/p>\n<p><font face=\"Times New Roman\"><b><span  style=\"font-style: normal; font-variant-ligatures: normal; font-variant-caps: normal; letter-spacing: normal; text-align: start; text-indent: 0px; text-transform: none; word-spacing: 0px; -webkit-text-stroke-width: 0px; white-space: normal; background-color: rgb(255, 255, 255); text-decoration-thickness: initial; text-decoration-style: initial; text-decoration-color: initial; display: inline !important; float: none;\"><u>\u00c9galement                  \u00e0 la Brass&rsquo;Vie :<\/u><\/span><\/b><\/font><\/p>\n<p><font face=\"Times New Roman\">*\u00a0<span  style=\"font-style: normal; font-variant-ligatures: normal; font-variant-caps: normal; font-weight: 400; letter-spacing: normal; text-align: start; text-indent: 0px; text-transform: none; word-spacing: 0px; -webkit-text-stroke-width: 0px; white-space: normal; background-color: rgb(255, 255, 255); text-decoration-thickness: initial; text-decoration-style: initial; text-decoration-color: initial; display: inline !important; float: none;\">Ne              ratez pas l&rsquo;exposition de photographies naturalistes de\u00a0<\/span><span  style=\"font-style: normal; font-variant-ligatures: normal; font-variant-caps: normal; font-weight: 400; letter-spacing: normal; text-align: start; text-indent: 0px; text-transform: none; word-spacing: 0px; -webkit-text-stroke-width: 0px; white-space: normal; background-color: rgb(255, 255, 255); text-decoration-thickness: initial; text-decoration-style: initial; text-decoration-color: initial; display: inline !important; float: none;\">Magali              Bernard,<\/span><span  style=\"font-style: normal; font-variant-ligatures: normal; font-variant-caps: normal; font-weight: 400; letter-spacing: normal; text-align: start; text-indent: 0px; text-transform: none; word-spacing: 0px; -webkit-text-stroke-width: 0px; white-space: normal; background-color: rgb(255, 255, 255); text-decoration-thickness: initial; text-decoration-style: initial; text-decoration-color: initial; display: inline !important; float: none;\">\u00a0jusqu&rsquo;au              12 octobre dans la salle du haut. \u00c0 l&rsquo;aff\u00fbt, Magali essaye              de transmettre les \u00e9motions d&rsquo;un moment de vie sauvage \u00e0              travers ses photographies naturalistes.\u00a0<\/span><\/font>Venez          avec vos enfants, l&rsquo;exposition est aussi p\u00e9dagogique !<\/p>\n<p><font face=\"Times New Roman\">*\u00a0Le Cercle th\u00e9\u00e2tre commence un            nouveau cycle. Dans la pi\u00e8ce actuellement jou\u00e9e, une place est            disponible ; et un nouveau projet ne demande qu\u2019\u00e0 na\u00eetre. Si            vous souhaitez nous rejoindre, merci de le faire en r\u00e9pondant            \u00e0 ce mail.\u00a0<\/font><\/p>\n<\/p><\/div>\n<div class=\"moz-text-html\" lang=\"x-unicode\"  style=\"color: rgb(0, 0, 0); font-style: normal; font-variant-ligatures: normal; font-variant-caps: normal; font-weight: 400; letter-spacing: normal; text-align: start; text-indent: 0px; text-transform: none; word-spacing: 0px; -webkit-text-stroke-width: 0px; white-space: normal; text-decoration-thickness: initial; text-decoration-style: initial; text-decoration-color: initial;\"><font          face=\"Times New Roman\">Au plaisir de vous voir dans la semaine,<\/font>        <\/p>\n<pre class=\"moz-signature\" cols=\"72\" style=\"white-space: normal;\"><font            face=\"Times New Roman\"><\/div>\n","protected":false},"excerpt":{"rendered":"<p>Bonjour \u00e0 toutes et tous, Ambiance pluvieuse mais chaleureuse, \u00ab\u00a0comme d&rsquo;hab\u00a0\u00bb, ce dimanche et la semaine \u00e9coul\u00e9e dans votre bistrot pr\u00e9f\u00e9r\u00e9. Les b\u00e9n\u00e9voles se sont succ\u00e9d\u00e9 pour faire vivre le lieu. C&rsquo;est l&rsquo;occasion de vous rappeler que les horaires d&rsquo;ouverture sont beaucoup plus nombreux que sur ce mail et qu&rsquo;ils sont tenus \u00e0 jour sur &hellip; <\/p>\n<p class=\"link-more\"><a href=\"https:\/\/vlap.fr\/labrassviedejupilles\/2025\/09\/14\/la-brassvie-de-jupilles-2025-semaine-n38\/\" class=\"more-link\">Continuer la lecture<span class=\"screen-reader-text\"> de &laquo;&nbsp;La Brass&rsquo;Vie de Jupilles. 2025 semaine n&deg;38&nbsp;&raquo;<\/span><\/a><\/p>\n","protected":false},"author":1,"featured_media":0,"comment_status":"closed","ping_status":"closed","sticky":false,"template":"","format":"standard","meta":{"footnotes":""},"categories":[1],"tags":[],"class_list":["post-2808","post","type-post","status-publish","format-standard","hentry","category-uncategorized"],"_links":{"self":[{"href":"https:\/\/vlap.fr\/labrassviedejupilles\/wp-json\/wp\/v2\/posts\/2808","targetHints":{"allow":["GET"]}}],"collection":[{"href":"https:\/\/vlap.fr\/labrassviedejupilles\/wp-json\/wp\/v2\/posts"}],"about":[{"href":"https:\/\/vlap.fr\/labrassviedejupilles\/wp-json\/wp\/v2\/types\/post"}],"author":[{"embeddable":true,"href":"https:\/\/vlap.fr\/labrassviedejupilles\/wp-json\/wp\/v2\/users\/1"}],"replies":[{"embeddable":true,"href":"https:\/\/vlap.fr\/labrassviedejupilles\/wp-json\/wp\/v2\/comments?post=2808"}],"version-history":[{"count":0,"href":"https:\/\/vlap.fr\/labrassviedejupilles\/wp-json\/wp\/v2\/posts\/2808\/revisions"}],"wp:attachment":[{"href":"https:\/\/vlap.fr\/labrassviedejupilles\/wp-json\/wp\/v2\/media?parent=2808"}],"wp:term":[{"taxonomy":"category","embeddable":true,"href":"https:\/\/vlap.fr\/labrassviedejupilles\/wp-json\/wp\/v2\/categories?post=2808"},{"taxonomy":"post_tag","embeddable":true,"href":"https:\/\/vlap.fr\/labrassviedejupilles\/wp-json\/wp\/v2\/tags?post=2808"}],"curies":[{"name":"wp","href":"https:\/\/api.w.org\/{rel}","templated":true}]}}