{"id":2793,"date":"2025-07-27T19:44:04","date_gmt":"2025-07-27T19:44:04","guid":{"rendered":"https:\/\/vlap.fr\/labrassviedejupilles\/?p=2793"},"modified":"2025-07-28T06:35:11","modified_gmt":"2025-07-28T06:35:11","slug":"greniers-ouverts-au-village","status":"publish","type":"post","link":"https:\/\/vlap.fr\/labrassviedejupilles\/2025\/07\/27\/greniers-ouverts-au-village\/","title":{"rendered":"Greniers ouverts au village"},"content":{"rendered":"<div class=\"postie-post\">\n<div>\n<div class=\"moz-text-html\" lang=\"x-unicode\">\n<div class=\"moz-text-html\" lang=\"x-unicode\">\n<p>Bonjour \u00e0 toutes et tous,<\/p>\n<p><em>(\u00c9dit du lundi 28 au matin :<\/em><br \/>\n<em>Cette semaine, notre adresse IP a \u00e9t\u00e9 bloqu\u00e9 par les serveurs d&rsquo;Outlook-Microsoft.<\/em><br \/>\n<em>Si vous avez une adresse mail chez hotmail, outlook, dbmail, live.fr ou encore msn, vous n&rsquo;avez pas du recevoir la lettre ci-dessous.<\/em><br \/>\n<em>On essaye de corriger cela, mais :<\/em><br \/>\n<em>&#8211; Nous avons une note de 10\/10 chez mail-tester.com et spamAssasin<\/em><br \/>\n<em>&#8211; Microsoft nous r\u00e9pond que ce n&rsquo;est pas eux mais Outlook.<\/em><br \/>\n<em>&#8211; Le lien qu&rsquo;ils nous donnent n\u00e9cessite un compte&#8230; Microsoft.<br \/>\nIls sont fous ces rom\u00e9ricains ! <\/em><br \/>\n<em>fin de l&rsquo;\u00e9dit)<\/em><\/p>\n<\/div>\n<div class=\"moz-text-html\" lang=\"x-unicode\">\n<div dir=\"auto\">Pour une premi\u00e8re \u00e9dition de <i>peintres en libert\u00e9,<\/i> nous avons accueilli une dizaine de personnes qui se sont dispers\u00e9es aussi bien devant le Saint-Jacques, dans le village et jusqu&rsquo;\u00e0 la for\u00eat de Berc\u00e9.<\/div>\n<div dir=\"auto\">Une exposition des travaux a eu lieu \u00e0 17h.<\/div>\n<p>\u00c0 cette heure, le <a href=\"https:\/\/vlap.fr\/labrassviedejupilles\/agendaCollectif\/public\/cinqSem.php\">planning des ouvertures et activit\u00e9<\/a> du lieu est vide tous les jours de la semaine.<\/p>\n<p>C&rsquo;est le milieu de l&rsquo;\u00e9t\u00e9 !<\/p>\n<p>Ce dimanche, il va y avoir beaucoup de passage. Nous demandons une autorisation de d\u00e9bit de boisson \u00e0 la municipalit\u00e9 afin de pouvoir servir tous les visiteurs de la brocante \/ greniers ouverts sans avoir \u00e0 leur demander d&rsquo;adh\u00e9rer \u00e0 l&rsquo;association.<\/p>\n<p>Les horaires d&rsquo;ouverture sont tenus \u00e0 jour sur la <a href=\"https:\/\/vlap.fr\/labrassviedejupilles\/#content\">page d&rsquo;accueil du site<\/a>, et pour s&rsquo;inscrire pour dimanche, la <a href=\"https:\/\/vlap.fr\/pad\/p\/brocante2025\">page sp\u00e9cifique est ici<\/a> : on a encore besoin de monde au bar et au service tartines.<\/p>\n<p><b>** Semaine du lundi 28 Juillet au dimanche 03 Ao\u00fbt 2025 **<\/b><\/p>\n<p><u><b>Lundi-samedi :<\/b><\/u> Vous avez envie que le lieu soit plus ouvert ? Demandez \u00e0 \u00eatre form\u00e9\u00b7e pour tenir le bar !<\/p>\n<p><u><b>Dimanche :<\/b><\/u> Greniers ouverts au village<u><b><br \/>\n<\/b><\/u><\/p>\n<p>* Ouverture d\u00e8s 6h le matin.<\/p>\n<p>* Pour le philocaf\u00e9, contacter Eric au 06 47 83 24 32. Brass&rsquo;arts : Les adh\u00e9rent\u00b7es de la Brass&rsquo;vie s&rsquo;exposent du 29 juin au 24 ao\u00fbt<\/p>\n<p>* Service repas le midi : tartines, fait maison.<\/p>\n<p><b><u>Informations :<\/u><\/b><\/p>\n<p>&#8211; Chantier participatif : Isolation ext\u00e9rieure par projection terre-chanvre et po\u00eale de masse. Si vous voulez aider ou simplement voir et discuter, vous pouvez contacter Yoan au 06 79 64 23 34.<\/p>\n<p>&#8211; Les organisatrices du festival intergalactique de clown\u00b7es font un appel \u00e0 dons financiers. La brass&rsquo;vie soutient ce super \u00e9v\u00e9nement maintenant r\u00e9gulier \u00e0 Jupilles. <a href=\"https:\/\/www.helloasso.com\/associations\/festival-intergalactik-de-clowns-de-jupilles-and-co\/collectes\/du-carburant-pour-aller-plus-haut-dans-les-etoiles\">Toutes les informations ici<\/a>.<\/p>\n<\/div>\n<div class=\"moz-text-html\" lang=\"x-unicode\"><i>Au plaisir de vous voir dans la semaine,<\/i><\/p>\n<pre class=\"moz-signature\" style=\"white-space: normal;\"><\/pre>\n<\/div>\n<\/div>\n<\/div>\n<\/div>\n","protected":false},"excerpt":{"rendered":"<p>Bonjour \u00e0 toutes et tous, (\u00c9dit du lundi 28 au matin : Cette semaine, notre adresse IP a \u00e9t\u00e9 bloqu\u00e9 par les serveurs d&rsquo;Outlook-Microsoft. Si vous avez une adresse mail chez hotmail, outlook, dbmail, live.fr ou encore msn, vous n&rsquo;avez pas du recevoir la lettre ci-dessous. On essaye de corriger cela, mais : &#8211; Nous &hellip; <\/p>\n<p class=\"link-more\"><a href=\"https:\/\/vlap.fr\/labrassviedejupilles\/2025\/07\/27\/greniers-ouverts-au-village\/\" class=\"more-link\">Continuer la lecture<span class=\"screen-reader-text\"> de &laquo;&nbsp;Greniers ouverts au village&nbsp;&raquo;<\/span><\/a><\/p>\n","protected":false},"author":1,"featured_media":0,"comment_status":"closed","ping_status":"closed","sticky":false,"template":"","format":"standard","meta":{"footnotes":""},"categories":[1],"tags":[],"class_list":["post-2793","post","type-post","status-publish","format-standard","hentry","category-uncategorized"],"_links":{"self":[{"href":"https:\/\/vlap.fr\/labrassviedejupilles\/wp-json\/wp\/v2\/posts\/2793","targetHints":{"allow":["GET"]}}],"collection":[{"href":"https:\/\/vlap.fr\/labrassviedejupilles\/wp-json\/wp\/v2\/posts"}],"about":[{"href":"https:\/\/vlap.fr\/labrassviedejupilles\/wp-json\/wp\/v2\/types\/post"}],"author":[{"embeddable":true,"href":"https:\/\/vlap.fr\/labrassviedejupilles\/wp-json\/wp\/v2\/users\/1"}],"replies":[{"embeddable":true,"href":"https:\/\/vlap.fr\/labrassviedejupilles\/wp-json\/wp\/v2\/comments?post=2793"}],"version-history":[{"count":3,"href":"https:\/\/vlap.fr\/labrassviedejupilles\/wp-json\/wp\/v2\/posts\/2793\/revisions"}],"predecessor-version":[{"id":2799,"href":"https:\/\/vlap.fr\/labrassviedejupilles\/wp-json\/wp\/v2\/posts\/2793\/revisions\/2799"}],"wp:attachment":[{"href":"https:\/\/vlap.fr\/labrassviedejupilles\/wp-json\/wp\/v2\/media?parent=2793"}],"wp:term":[{"taxonomy":"category","embeddable":true,"href":"https:\/\/vlap.fr\/labrassviedejupilles\/wp-json\/wp\/v2\/categories?post=2793"},{"taxonomy":"post_tag","embeddable":true,"href":"https:\/\/vlap.fr\/labrassviedejupilles\/wp-json\/wp\/v2\/tags?post=2793"}],"curies":[{"name":"wp","href":"https:\/\/api.w.org\/{rel}","templated":true}]}}