{"id":2792,"date":"2025-07-20T20:40:01","date_gmt":"2025-07-20T20:40:01","guid":{"rendered":"https:\/\/vlap.fr\/labrassviedejupilles\/?p=2792"},"modified":"2025-07-20T21:47:35","modified_gmt":"2025-07-20T21:47:35","slug":"peintres-en-libert","status":"publish","type":"post","link":"https:\/\/vlap.fr\/labrassviedejupilles\/2025\/07\/20\/peintres-en-libert\/","title":{"rendered":"Peintres en libert&eacute;"},"content":{"rendered":"<div class=\"postie-post\">\n<div>\n<div class=\"moz-text-html\" lang=\"x-unicode\">\n<div class=\"moz-text-html\" lang=\"x-unicode\">\n<p>Bonjour \u00e0 toutes et tous,<\/p>\n<p>Vous ne savez pas si votre adh\u00e9sion est toujours valable ?            Envoyer nous un texto au 06.13.61.90.59 ou un mail \u00e0 <a              class=\"moz-txt-link-abbreviated moz-txt-link-freetext\"              href=\"mailto:brassvie@vlap.fr\"><a href=\"mailto:brassvie@vlap.fr\" >brassvie@vlap.fr<\/a><\/a>. Nous            vous r\u00e9pondrons. Merci.<\/p>\n<p>Ce dimanche, on peint au village ! Journ\u00e9e <i>Peintres en              libert\u00e9<\/i>, <a  href=\"https:\/\/vlap.fr\/labrassviedejupilles\/peintres-en-liberte\/\">affiche              ici<\/a>.          <\/p>\n<p><b>** Semaine du lundi 21 au dimanche 27 Juillet 2025 **<\/b><\/p>\n<p>Les horaires d&rsquo;ouverture sont tenus \u00e0 jour sur la <a              href=\"https:\/\/vlap.fr\/labrassviedejupilles\/#content\">page              d&rsquo;accueil du site<\/a>. <\/p>\n<p><u><b>Lundi et mardi :<\/b><\/u><\/p>\n<p>* 09h30 &#8211; 12h00 : Ouverture du lieu.<\/p>\n<p><u><b>Jeudi :<\/b><\/u><\/p>\n<p>* Ouverture \u00e0 partir de 18h.          <\/p>\n<p><u><b>Dimanche :<\/b><\/u><\/p>\n<p>* Pour le philocaf\u00e9, contacter Eric au 06 47 83 24 32. Expo            Brass&rsquo;arts. Les adh\u00e9rent\u00b7es de la Brass&rsquo;vie s&rsquo;exposent du 29            juin au 24 ao\u00fbt<\/p>\n<p>* 10h00 &#8211; 18h00 : <a  href=\"https:\/\/vlap.fr\/labrassviedejupilles\/peintres-en-liberte\/\">Peintres              en libert\u00e9<\/a>. Venez avec vos pinceaux, crayons, feutres,            encre, ce que vous voulez&#8230; vos toiles, papiers, cartons ou            tout autre support. Multi-techniques, multi-supports, tous            \u00e2ges. On peint ensemble dans Jupilles, sur la place, dans le            jardin&#8230; Apportez votre pique-nique (ou r\u00e9servez un repas).            Merci de vous garer sur les parkings en dehors du centre bourg            et de ne pas d\u00e9ranger la bonne tenue du march\u00e9.<\/p>\n<p>* 12h30 &#8211; 14h00 : Daniel et Chantal vous proposent : taboul\u00e9,            concombre, pois chiches et \u0153uf avec en dessert un fromage            blanc de ch\u00e8vre et son coulis de fruits. Recherche b\u00e9n\u00e9vole            pour le service et la plonge, merci ! Max 9\u20ac.           <\/p>\n<p><b><u>Informations :<\/u><\/b>          <\/p>\n<p><b>Les organisatrices du festival intergalactique de clown\u00b7es              font un appel \u00e0 dons financiers.<\/b> La brass&rsquo;vie soutient            ce super \u00e9v\u00e9nement maintenant r\u00e9gulier \u00e0 Jupilles. <a  href=\"https:\/\/www.helloasso.com\/associations\/festival-intergalactik-de-clowns-de-jupilles-and-co\/collectes\/du-carburant-pour-aller-plus-haut-dans-les-etoiles\">Toutes              les informations ici<\/a>.<\/p>\n<p><b>Recherche de b\u00e9n\u00e9voles pour la journ\u00e9e <i>greniers                ouverts<\/i> du dimanche 3 ao\u00fbt.<\/b> <a              href=\"https:\/\/vlap.fr\/pad\/p\/brocante2025\">Agenda en ligne              sp\u00e9cial ici<\/a>.          <\/p>\n<\/p><\/div>\n<div class=\"moz-text-html\" lang=\"x-unicode\"><i>Au plaisir de vous            voir dans la semaine,<\/i>          <\/p>\n<pre class=\"moz-signature\" cols=\"72\" style=\"white-space:normal\">            <\/div>\n","protected":false},"excerpt":{"rendered":"<p>Bonjour \u00e0 toutes et tous, Vous ne savez pas si votre adh\u00e9sion est toujours valable ? Envoyer nous un texto au 06.13.61.90.59 ou un mail \u00e0 brassvie@vlap.fr. Nous vous r\u00e9pondrons. Merci. Ce dimanche, on peint au village ! Journ\u00e9e Peintres en libert\u00e9, affiche ici. ** Semaine du lundi 21 au dimanche 27 Juillet 2025 ** &hellip; <\/p>\n<p class=\"link-more\"><a href=\"https:\/\/vlap.fr\/labrassviedejupilles\/2025\/07\/20\/peintres-en-libert\/\" class=\"more-link\">Continuer la lecture<span class=\"screen-reader-text\"> de &laquo;&nbsp;Peintres en libert&eacute;&nbsp;&raquo;<\/span><\/a><\/p>\n","protected":false},"author":1,"featured_media":0,"comment_status":"closed","ping_status":"closed","sticky":false,"template":"","format":"standard","meta":{"footnotes":""},"categories":[1],"tags":[],"class_list":["post-2792","post","type-post","status-publish","format-standard","hentry","category-uncategorized"],"_links":{"self":[{"href":"https:\/\/vlap.fr\/labrassviedejupilles\/wp-json\/wp\/v2\/posts\/2792","targetHints":{"allow":["GET"]}}],"collection":[{"href":"https:\/\/vlap.fr\/labrassviedejupilles\/wp-json\/wp\/v2\/posts"}],"about":[{"href":"https:\/\/vlap.fr\/labrassviedejupilles\/wp-json\/wp\/v2\/types\/post"}],"author":[{"embeddable":true,"href":"https:\/\/vlap.fr\/labrassviedejupilles\/wp-json\/wp\/v2\/users\/1"}],"replies":[{"embeddable":true,"href":"https:\/\/vlap.fr\/labrassviedejupilles\/wp-json\/wp\/v2\/comments?post=2792"}],"version-history":[{"count":0,"href":"https:\/\/vlap.fr\/labrassviedejupilles\/wp-json\/wp\/v2\/posts\/2792\/revisions"}],"wp:attachment":[{"href":"https:\/\/vlap.fr\/labrassviedejupilles\/wp-json\/wp\/v2\/media?parent=2792"}],"wp:term":[{"taxonomy":"category","embeddable":true,"href":"https:\/\/vlap.fr\/labrassviedejupilles\/wp-json\/wp\/v2\/categories?post=2792"},{"taxonomy":"post_tag","embeddable":true,"href":"https:\/\/vlap.fr\/labrassviedejupilles\/wp-json\/wp\/v2\/tags?post=2792"}],"curies":[{"name":"wp","href":"https:\/\/api.w.org\/{rel}","templated":true}]}}