{"id":2218,"date":"2025-04-06T19:47:08","date_gmt":"2025-04-06T19:47:08","guid":{"rendered":"https:\/\/vlap.fr\/labrassviedejupilles\/?p=2218"},"modified":"2025-07-13T14:30:44","modified_gmt":"2025-07-13T14:30:44","slug":"la-brassvie-de-jupilles-2025-semaine-n15","status":"publish","type":"post","link":"https:\/\/vlap.fr\/labrassviedejupilles\/2025\/04\/06\/la-brassvie-de-jupilles-2025-semaine-n15\/","title":{"rendered":"La Brass&rsquo;Vie de Jupilles. 2025 semaine n&deg;15"},"content":{"rendered":"<div class=\"postie-post\">\n<div>\n<p>Bonjour \u00e0 toutes et tous,<\/p>\n<p>Le vernissage de l&rsquo;exposition de Michel Avril, ce dimanche matin, a \u00e9t\u00e9 aussi ensoleill\u00e9 que le temps l&rsquo;\u00e9tait dehors !!! \u00c0 voir sans mod\u00e9ration jusqu&rsquo;au 11 mai.<\/p>\n<p>C&rsquo;est arriv\u00e9 trop tard pour \u00eatre dans l&rsquo;agenda de la semaine pr\u00e9c\u00e9dente, mais samedi, Franck Viel est venu diriger une construction collective en osier vivant. La cabane est au fond du jardin et elle n&rsquo;est pas termin\u00e9e. Si le c\u0153ur vous en dit, il suffit de se mettre \u00e0 deux (une personne \u00e0 l&rsquo;int\u00e9rieur, une \u00e0 l&rsquo;ext\u00e9rieur) et de \u00ab tresser \u00bb des brins d&rsquo;osiers dans les interstices encore existants.<\/p>\n<p>L&rsquo;id\u00e9e est que, mis \u00e0 part la porte et les 3 fen\u00eatres, il n&rsquo;y ait plus de trous. Peu importe le sens, ni le d\u00e9but ni la fin. Franck intervient aupr\u00e8s des \u00e9coles, associations et autres collectivit\u00e9s avec son <a href=\"https:\/\/vlap.fr\/labrassviedejupilles\/association-passage\/\" target=\"_blank\" rel=\"noopener\">association \u00ab\u00a0Passage\u00a0\u00bb<\/a> (de janvier \u00e0 mars pour ce type de chantier).<\/p>\n<p>Les horaires d&rsquo;ouverture sont tenus \u00e0 jour sur la <a href=\"https:\/\/vlap.fr\/labrassviedejupilles\/#content\">page d&rsquo;accueil du site<\/a>.<\/p>\n<h6><b>** Semaine du lundi 7 au dimanche 13 Avril 2025 **<\/b><\/h6>\n<p><u><b>Lundi :<\/b><\/u><\/p>\n<p>* 09h30 &#8211; 12h00 : Ouverture du lieu.<\/p>\n<p>* 14h00 &#8211; 16h00 : Pr\u00e9paration de la r\u00e9fection du mur du jardin. D\u00e9gager le mur, retirer la v\u00e9g\u00e9tation. Mesurer, \u00e9valuer les quantit\u00e9s. Piqueter par endroit.<\/p>\n<p><u><b>Mardi :<\/b><\/u><\/p>\n<p>* 09h00 &#8211; 11h00 : Ouverture du lieu<\/p>\n<p><u><b>Mercredi :<\/b><\/u><\/p>\n<p>* 13h00 &#8211; 17h30 : Ouverture par Reginald avec des jeux, simples et complexes<\/p>\n<p><u><b>Vendredi :<\/b><\/u><\/p>\n<p>* 11h00 &#8211; 12h00 : Atelier de \u00ab\u00a0mise en mouvement\u00a0\u00bb au premier \u00e9tage.<\/p>\n<p>* 15h30 : Proposition de co-voiturer pour un spectacle de sortie de r\u00e9sidence \u00e0 St-Osmane : \u00ab\u00a0Un enfant solitaire communique avec Opportunity, le robot envoy\u00e9 sur Mars par la NASA. Cette relation va l&rsquo;aider \u00e0 s&rsquo;ouvrir au monde\u00a0\u00bb. Plus d&rsquo;infos <a href=\"https:\/\/www.mobicoop.fr\/covoiturages-evenements\/6375\/Opportunity\" target=\"_blank\" rel=\"noopener\">ici<\/a> et <a href=\"https:\/\/labuissonniere.toutautour.com\" target=\"_blank\" rel=\"noopener\">l\u00e0<\/a>.<\/p>\n<p>* 21h00 &#8211; 23h30 : Sc\u00e8ne ouverte musicale. En fonction des attentes au cours de la soir\u00e9e, on peut venir jouer un truc \u00e0 soi, ou jouer toutes et tous ensemble, ou encore pratiquer un karaok\u00e9 sur demande d&rsquo;un public chanteur&#8230; On partage nos grilles d&rsquo;accords et il y a des instruments sur place \u00e0 pr\u00eater.<\/p>\n<p><u><b>Samedi :<\/b><\/u><\/p>\n<p>* 10h30 &#8211; 12h30 : Atelier Th\u00e9\u00e2tre (complet. contact : <a href=\"mailto:brassvie@vlap.fr\">brassvie@vlap.fr<\/a>).<\/p>\n<p>* 14h30 &#8211; 16h30 : (autre \u00e0 Jupilles) Balade de printemps organis\u00e9e par le foyer rural. \u00ab\u00a0<i>Venez nous retrouver samedi 12 avril, seul, entre amis ou en famille, pour une petite balade printani\u00e8re en for\u00eat de Berc\u00e9. 4 kilom\u00e8tres, pour petits et grands, ponctu\u00e9s de pauses contes, histoires et chants (par les b\u00e9n\u00e9voles du Foyer Rural) et go\u00fbter \u00e0 l&rsquo;arriv\u00e9e. Rendez-vous \u00e0 14h30 sur le parking de la salle des f\u00eates de Jupilles pour cet apr\u00e8s-midi convivial gratuit. A bient\u00f4t ! \u00bb<\/i><\/p>\n<p><u><b>Dimanche :<\/b><\/u><\/p>\n<p>* Exposition printani\u00e8re de Michel Avril.<\/p>\n<p>* Pour le philocaf\u00e9, contacter Eric au 06 47 83 24 32.<\/p>\n<p>* Service repas \u00e0 partir de 12h30 : Brandade d&rsquo;ortie, crudit\u00e9s &#8211; salade et peut \u00eatre un dessert.<\/p>\n<p><b><u>Informations, \u00e0 venir :<br \/>\n<\/u><\/b><\/p>\n<p>* Plusieurs concerts sont programm\u00e9s. On cherche des b\u00e9n\u00e9voles pour pr\u00e9parer \u00e0 manger, au moins pour les artistes, et au mieux pour proposer de la restauration au public.<\/p>\n<ul>\n<li id=\"magicdomid17\" class=\"ace-line\" spellcheck=\"true\" aria-live=\"assertive\"><span class=\"author-a-p6z71zfz88zz65z77az78zz81zz89zz88zmz81zz80z\">Vendredi 25 avril : <a href=\"https:\/\/vlap.fr\/labrassviedejupilles\/spectacles-concerts\/movimento\/\" target=\"_blank\" rel=\"noopener\">MOVIMENTO <\/a><\/span>(chanson franco-latine)<\/li>\n<li id=\"magicdomid927\" class=\"ace-line\" aria-live=\"assertive\"><span class=\"author-a-p6z71zfz88zz65z77az78zz81zz89zz88zmz81zz80z\">Vendredi 23 mai : <a href=\"https:\/\/vlap.fr\/labrassviedejupilles\/spectacles-concerts\/le-nat-gi-band\/\" target=\"_blank\" rel=\"noopener\">NAT&rsquo;GI BAND<\/a> (pop-rock)<\/span><\/li>\n<li id=\"magicdomid929\" class=\"ace-line\" aria-live=\"assertive\"><span class=\"author-a-p6z71zfz88zz65z77az78zz81zz89zz88zmz81zz80z\">Samedi 21 juin :\u00a0 <a href=\"https:\/\/vlap.fr\/labrassviedejupilles\/spectacles-concerts\/brass-vie-en-fete\/\" target=\"_blank\" rel=\"noopener\">F\u00caTE DE LA MUSIQUE<\/a> et f\u00eate de la Brass&rsquo;Vie<\/span><\/li>\n<li id=\"magicdomid934\" class=\"ace-line\" aria-live=\"assertive\"><span class=\"author-a-p6z71zfz88zz65z77az78zz81zz89zz88zmz81zz80z\">Samedi 28 juin <a href=\"https:\/\/vlap.fr\/labrassviedejupilles\/spectacles-concerts\/chafouin\/\" target=\"_blank\" rel=\"noopener\">CHAFOUIN<\/a> (math-rock &#8211; Brest)<\/span><\/li>\n<\/ul>\n<\/div>\n<\/div>\n<div class=\"postie-post\">\n<div>\n<p>* Anne-Marie propose une causerie autour d&rsquo;un de ses manuscrits en parchemin et des groupes de rock des ann\u00e9e 60-70. Mardi 22 avril \u00e0 20h.<\/p>\n<p>* Damien Deville, g\u00e9ographe engag\u00e9, auteur et enseignant, propose les 28 et 29 avril prochains deux demi-journ\u00e9es de formation en g\u00e9ographie culturelle, une branche de la g\u00e9ographie qui explore les relations entre les soci\u00e9t\u00e9s et leurs environnements. De 13h \u00e0 17h. Ouvert \u00e0 toutes les personnes curieuses de leur territoire. Gratuit, sur inscription aupr\u00e8s d&rsquo;Ana\u00efs : 06.64.99.57.13. Partenariat avec les Sarthois\u00b7es du c\u0153ur, voir les d\u00e9tails sur <a href=\"https:\/\/vlap.fr\/labrassviedejupilles\/agendaCollectif\/public\/?numSem=18&amp;year=2025&amp;q1=1&amp;q2=1&amp;q3=1&amp;q4=1&amp;q6=\">l&rsquo;agenda en ligne<\/a>.<\/p>\n<div class=\"moz-text-html\" lang=\"x-unicode\"><i>Au plaisir de vous voir dans la semaine,<\/i><\/p>\n<pre class=\"moz-signature\" style=\"white-space: normal;\"><\/pre>\n<\/div>\n<\/div>\n<\/div>\n","protected":false},"excerpt":{"rendered":"<p>Bonjour \u00e0 toutes et tous, Le vernissage de l&rsquo;exposition de Michel Avril, ce dimanche matin, a \u00e9t\u00e9 aussi ensoleill\u00e9 que le temps l&rsquo;\u00e9tait dehors !!! \u00c0 voir sans mod\u00e9ration jusqu&rsquo;au 11 mai. C&rsquo;est arriv\u00e9 trop tard pour \u00eatre dans l&rsquo;agenda de la semaine pr\u00e9c\u00e9dente, mais samedi, Franck Viel est venu diriger une construction collective en &hellip; <\/p>\n<p class=\"link-more\"><a href=\"https:\/\/vlap.fr\/labrassviedejupilles\/2025\/04\/06\/la-brassvie-de-jupilles-2025-semaine-n15\/\" class=\"more-link\">Continuer la lecture<span class=\"screen-reader-text\"> de &laquo;&nbsp;La Brass&rsquo;Vie de Jupilles. 2025 semaine n&deg;15&nbsp;&raquo;<\/span><\/a><\/p>\n","protected":false},"author":1,"featured_media":0,"comment_status":"closed","ping_status":"closed","sticky":false,"template":"","format":"standard","meta":{"footnotes":""},"categories":[7],"tags":[],"class_list":["post-2218","post","type-post","status-publish","format-standard","hentry","category-infolettre"],"_links":{"self":[{"href":"https:\/\/vlap.fr\/labrassviedejupilles\/wp-json\/wp\/v2\/posts\/2218","targetHints":{"allow":["GET"]}}],"collection":[{"href":"https:\/\/vlap.fr\/labrassviedejupilles\/wp-json\/wp\/v2\/posts"}],"about":[{"href":"https:\/\/vlap.fr\/labrassviedejupilles\/wp-json\/wp\/v2\/types\/post"}],"author":[{"embeddable":true,"href":"https:\/\/vlap.fr\/labrassviedejupilles\/wp-json\/wp\/v2\/users\/1"}],"replies":[{"embeddable":true,"href":"https:\/\/vlap.fr\/labrassviedejupilles\/wp-json\/wp\/v2\/comments?post=2218"}],"version-history":[{"count":11,"href":"https:\/\/vlap.fr\/labrassviedejupilles\/wp-json\/wp\/v2\/posts\/2218\/revisions"}],"predecessor-version":[{"id":2689,"href":"https:\/\/vlap.fr\/labrassviedejupilles\/wp-json\/wp\/v2\/posts\/2218\/revisions\/2689"}],"wp:attachment":[{"href":"https:\/\/vlap.fr\/labrassviedejupilles\/wp-json\/wp\/v2\/media?parent=2218"}],"wp:term":[{"taxonomy":"category","embeddable":true,"href":"https:\/\/vlap.fr\/labrassviedejupilles\/wp-json\/wp\/v2\/categories?post=2218"},{"taxonomy":"post_tag","embeddable":true,"href":"https:\/\/vlap.fr\/labrassviedejupilles\/wp-json\/wp\/v2\/tags?post=2218"}],"curies":[{"name":"wp","href":"https:\/\/api.w.org\/{rel}","templated":true}]}}