{"id":2204,"date":"2025-03-16T21:05:01","date_gmt":"2025-03-16T21:05:01","guid":{"rendered":"https:\/\/vlap.fr\/labrassviedejupilles\/?p=2204"},"modified":"2025-07-13T14:38:54","modified_gmt":"2025-07-13T14:38:54","slug":"la-brassvie-de-jupilles-2025-semaine-n12","status":"publish","type":"post","link":"https:\/\/vlap.fr\/labrassviedejupilles\/2025\/03\/16\/la-brassvie-de-jupilles-2025-semaine-n12\/","title":{"rendered":"La Brass&rsquo;Vie de Jupilles. 2025 semaine n&deg;12"},"content":{"rendered":"<div class=\"postie-post\">\n<div>\n<div class=\"moz-text-html\" lang=\"x-unicode\">\n<div class=\"moz-text-html\" lang=\"x-unicode\">\n<p>Bonjour \u00e0 toutes et tous,<\/p>\n<p>Pour rappel, le num\u00e9ro de t\u00e9l\u00e9phone de l&rsquo;association a chang\u00e9, c&rsquo;est maintenant le 06 13 61 90 59.<\/p>\n<p>Nous faisons d\u00e8s maintenant l&rsquo;annonce du concert programm\u00e9 dans 15 jours : <a href=\"https:\/\/vlap.fr\/labrassviedejupilles\/spectacles-concerts\/jam\/\" target=\"_blank\" rel=\"noopener\">affiche ici<\/a> (pour qui le conna\u00eet, c&rsquo;est Jean-Marie !)<\/p>\n<p>Et puis tant qu&rsquo;on est dans l&rsquo;agenda culturel, <a href=\"https:\/\/vlap.fr\/labrassviedejupilles\/festival-en-campagne\/\" target=\"_blank\" rel=\"noopener\">voici 36 festivals<\/a> de r\u00e9seau <i>Boug ta camp<\/i>&lsquo; dont nous faisons partie.<\/p>\n<p>Samedi nouveau concept : petit d\u00e9jeuner !<\/p>\n<p>Les horaires d&rsquo;ouverture sont tenus \u00e0 jour sur la <a href=\"https:\/\/vlap.fr\/labrassviedejupilles\/#content\">page d&rsquo;accueil du site<\/a>.<\/p>\n<p><b>** Semaine du lundi 17 au dimanche 23 Mars 2025 **<\/b><\/p>\n<p><u><b>Lundi :<\/b><\/u><\/p>\n<p>* 09h30 &#8211; 12h00 : Ouverture du bar.<\/p>\n<p>* 14h00 : Nettoyage jardin.<\/p>\n<p><u><b>Mardi :<\/b><\/u><\/p>\n<p>* 10h00 &#8211; 12h30 : Caf\u00e9 tricot.<\/p>\n<p>* 13h30 &#8211; 15h30 : Engazonnage jardin.<\/p>\n<p>* 17h00 &#8211; 19h00 : Repair caf\u00e9, aide informatique. Venez avec votre petit appareil \u00e9lectrom\u00e9nager ou \u00e9lectroportatif d\u00e9fectueux. Nous essayerons de le r\u00e9parer avec vous, ou au moins de diagnostiquer la panne.<\/p>\n<p>* 19h00 &#8211; 20h00 : Soupe carotte butternut oignons 3,5\u20ac.<\/p>\n<p><u><b>Mercredi :<\/b><\/u><\/p>\n<p>* 13h00 &#8211; 17h30 : Ouverture par Reginald avec des jeux, simples et complexes<\/p>\n<p><u><b>Jeudi :<\/b><\/u><\/p>\n<p>* 18h30 &#8211; 20h30 : L\u00e2chage vocal.<\/p>\n<p><u><b>Vendredi :<\/b><\/u><\/p>\n<p>* 11h00 &#8211; 12h00 : Atelier mise en mouvement.<\/p>\n<p><u><b>Samedi :<\/b><\/u><\/p>\n<p>* Service petit d\u00e9jeuner \u00e0 partir de 9h00 : pain, brioche, miel, confiture, le tout local et artisanal. 6\u20ac avec boisson chaude.<\/p>\n<p>* 10h30 &#8211; 12h30 : Atelier Th\u00e9\u00e2tre (complet. contact : <a href=\"mailto:brassvie@vlap.fr\">brassvie@vlap.fr<\/a>).<\/p>\n<p><u><b>Dimanche :<\/b><\/u><\/p>\n<p>Exposition \u00ab\u00a0<i>Quand la nature rencontre l&rsquo;abstrait<\/i>\u00a0\u00bb \u00e0 l&rsquo;\u00e9tage.<\/p>\n<p>* Pour le philocaf\u00e9, contacter Eric au .<\/p>\n<p><b><u>Informations :<br \/>\n<\/u><\/b><\/p>\n<p>En r\u00e9union de direction coll\u00e9giale, ce soir, on a parl\u00e9 planche du ch\u00eane Boppe, tapisserie, propret\u00e9 de la salle d&rsquo;activit\u00e9, prix des repas 1\/2 tarif pour les moins de 16 ans afin de diminuer le co\u00fbt pour les familles, expositions non lucratives, prix et quantit\u00e9 des jus de fruits, magasin gratuit, terrasse et jardin, pelouse et mur en pierre, <span class=\"author-a-p6z71zfz88zz65z77az78zz81zz89zz88zmz81zz80z\">formation g\u00e9ographie culturelle, <\/span><span class=\"author-a-p6z71zfz88zz65z77az78zz81zz89zz88zmz81zz80z\">festivals en campagne et atelier plessis-plessage vivant.<br \/>\n<\/span><\/p>\n<\/div>\n<div class=\"moz-text-html\" lang=\"x-unicode\"><i>Au plaisir de vous voir dans la semaine,<\/i><\/p>\n<pre class=\"moz-signature\" style=\"white-space: normal;\"><\/pre>\n<\/div>\n<\/div>\n<\/div>\n<\/div>\n","protected":false},"excerpt":{"rendered":"<p>Bonjour \u00e0 toutes et tous, Pour rappel, le num\u00e9ro de t\u00e9l\u00e9phone de l&rsquo;association a chang\u00e9, c&rsquo;est maintenant le 06 13 61 90 59. Nous faisons d\u00e8s maintenant l&rsquo;annonce du concert programm\u00e9 dans 15 jours : affiche ici (pour qui le conna\u00eet, c&rsquo;est Jean-Marie !) Et puis tant qu&rsquo;on est dans l&rsquo;agenda culturel, voici 36 festivals &hellip; <\/p>\n<p class=\"link-more\"><a href=\"https:\/\/vlap.fr\/labrassviedejupilles\/2025\/03\/16\/la-brassvie-de-jupilles-2025-semaine-n12\/\" class=\"more-link\">Continuer la lecture<span class=\"screen-reader-text\"> de &laquo;&nbsp;La Brass&rsquo;Vie de Jupilles. 2025 semaine n&deg;12&nbsp;&raquo;<\/span><\/a><\/p>\n","protected":false},"author":1,"featured_media":0,"comment_status":"closed","ping_status":"closed","sticky":false,"template":"","format":"standard","meta":{"footnotes":""},"categories":[7],"tags":[],"class_list":["post-2204","post","type-post","status-publish","format-standard","hentry","category-infolettre"],"_links":{"self":[{"href":"https:\/\/vlap.fr\/labrassviedejupilles\/wp-json\/wp\/v2\/posts\/2204","targetHints":{"allow":["GET"]}}],"collection":[{"href":"https:\/\/vlap.fr\/labrassviedejupilles\/wp-json\/wp\/v2\/posts"}],"about":[{"href":"https:\/\/vlap.fr\/labrassviedejupilles\/wp-json\/wp\/v2\/types\/post"}],"author":[{"embeddable":true,"href":"https:\/\/vlap.fr\/labrassviedejupilles\/wp-json\/wp\/v2\/users\/1"}],"replies":[{"embeddable":true,"href":"https:\/\/vlap.fr\/labrassviedejupilles\/wp-json\/wp\/v2\/comments?post=2204"}],"version-history":[{"count":7,"href":"https:\/\/vlap.fr\/labrassviedejupilles\/wp-json\/wp\/v2\/posts\/2204\/revisions"}],"predecessor-version":[{"id":2694,"href":"https:\/\/vlap.fr\/labrassviedejupilles\/wp-json\/wp\/v2\/posts\/2204\/revisions\/2694"}],"wp:attachment":[{"href":"https:\/\/vlap.fr\/labrassviedejupilles\/wp-json\/wp\/v2\/media?parent=2204"}],"wp:term":[{"taxonomy":"category","embeddable":true,"href":"https:\/\/vlap.fr\/labrassviedejupilles\/wp-json\/wp\/v2\/categories?post=2204"},{"taxonomy":"post_tag","embeddable":true,"href":"https:\/\/vlap.fr\/labrassviedejupilles\/wp-json\/wp\/v2\/tags?post=2204"}],"curies":[{"name":"wp","href":"https:\/\/api.w.org\/{rel}","templated":true}]}}