{"id":2187,"date":"2025-02-23T20:41:22","date_gmt":"2025-02-23T20:41:22","guid":{"rendered":"https:\/\/vlap.fr\/labrassviedejupilles\/?p=2187"},"modified":"2025-07-13T15:06:02","modified_gmt":"2025-07-13T15:06:02","slug":"la-brassvie-de-jupilles-2025-semaine-n9","status":"publish","type":"post","link":"https:\/\/vlap.fr\/labrassviedejupilles\/2025\/02\/23\/la-brassvie-de-jupilles-2025-semaine-n9\/","title":{"rendered":"La Brass&rsquo;Vie de Jupilles. 2025 semaine n&deg;9"},"content":{"rendered":"<div class=\"postie-post\">\n<div>\n<div class=\"moz-text-html\" lang=\"x-unicode\">\n<div class=\"moz-text-html\" lang=\"x-unicode\">\n<p>Bonjour \u00e0 toutes et tous,<\/p>\n<p>Dimanche prochain, vernissage de l&rsquo;exposition de Claire Defosse \u00ab\u00a0<i>Quand la nature rencontre l&rsquo;abstrait<\/i>\u00a0\u00bb \u00e0 11h suivi d&rsquo;un repas. Chic !<\/p>\n<p>Les horaires d&rsquo;ouverture sont tenus \u00e0 jour sur la <a href=\"https:\/\/vlap.fr\/labrassviedejupilles\/#content\">page d&rsquo;accueil du site<\/a>.<\/p>\n<p><b>** Semaine du lundi 24 F\u00e9vrier au dimanche 02 Mars 2025 **<\/b><\/p>\n<p><u><b>Lundi :<\/b><\/u><\/p>\n<p>* 09h30 &#8211; 12h00 : Ouverture du bar.<\/p>\n<p>* 16h30 &#8211; 19h00 : Fl\u00e9chettes.<\/p>\n<p><u><b>Mardi :<\/b><\/u><\/p>\n<p>* 10h00 &#8211; 12h30 : Caf\u00e9 tricot.<\/p>\n<p>* 18h30 &#8211; 19h30 : Piano Bar. Tout ou toute pianiste qui veut remplacer la musique enregistr\u00e9e est le ou la bienvenue. Caf\u00e9 ouvert normalement.<\/p>\n<p><u><b>Mercredi :<\/b><\/u><\/p>\n<p><u><b>Jeudi :<\/b><\/u><\/p>\n<p>* 18h30 &#8211; 21h00 : L\u00e2chage vocal de fortune, repas partag\u00e9.<\/p>\n<p><u><b>Vendredi :<\/b><\/u><\/p>\n<p>* 11h00 &#8211; 12h00 : Atelier mise en mouvement.<\/p>\n<p><u><b>Samedi :<\/b><\/u><\/p>\n<p>* 10h30 &#8211; 12h30 : Atelier th\u00e9\u00e2tre dans la salle d&rsquo;activit\u00e9 (complet).<\/p>\n<p><u><b>Dimanche :<\/b><\/u><\/p>\n<p>* Pour le philocaf\u00e9, contacter Eric au 06 47 83 24 32. La semaine derni\u00e8re : <i>La libert\u00e9 peut-elle s&rsquo;acheter ?<\/i><\/p>\n<p>* 11h00 : Vernissage de l&rsquo;exposition \u00ab\u00a0<a href=\"https:\/\/vlap.fr\/labrassviedejupilles\/expositions\/claire-defosse\/\" target=\"_blank\" rel=\"noopener\"><i>Quand la nature rencontre l&rsquo;abstrait<\/i><\/a>\u00ab\u00a0.\u00a0 Claire Defosse pr\u00e9sente des lampes en mati\u00e8res naturelles et des tableaux abstraits.<\/p>\n<p>* Service repas \u00e0 partir de 12h30 : Fou\u00e9s tomates-oignons. Mousse au chocolat. Par Bernadette. Besoin de b\u00e9n\u00e9voles en salle et en cuisine.<\/p>\n<p>* 17h00 &#8211; 19h00 : R\u00e9union de la direction coll\u00e9giale. Si vous souhaitez y assister pour la premi\u00e8re fois, nous vous r\u00e9serverons un temps particulier \u00e0 17h. Pour le reste, l&rsquo;ordre du jour est ouvert et chaque personne pr\u00e9sente peut y participer.<\/p>\n<\/div>\n<div class=\"moz-text-html\" lang=\"x-unicode\"><i>Au plaisir de vous voir dans la semaine,<\/i><\/p>\n<pre class=\"moz-signature\" style=\"white-space: normal;\"><\/pre>\n<\/div>\n<\/div>\n<\/div>\n<\/div>\n","protected":false},"excerpt":{"rendered":"<p>Bonjour \u00e0 toutes et tous, Dimanche prochain, vernissage de l&rsquo;exposition de Claire Defosse \u00ab\u00a0Quand la nature rencontre l&rsquo;abstrait\u00a0\u00bb \u00e0 11h suivi d&rsquo;un repas. Chic ! Les horaires d&rsquo;ouverture sont tenus \u00e0 jour sur la page d&rsquo;accueil du site. ** Semaine du lundi 24 F\u00e9vrier au dimanche 02 Mars 2025 ** Lundi : * 09h30 &#8211; &hellip; <\/p>\n<p class=\"link-more\"><a href=\"https:\/\/vlap.fr\/labrassviedejupilles\/2025\/02\/23\/la-brassvie-de-jupilles-2025-semaine-n9\/\" class=\"more-link\">Continuer la lecture<span class=\"screen-reader-text\"> de &laquo;&nbsp;La Brass&rsquo;Vie de Jupilles. 2025 semaine n&deg;9&nbsp;&raquo;<\/span><\/a><\/p>\n","protected":false},"author":1,"featured_media":0,"comment_status":"closed","ping_status":"closed","sticky":false,"template":"","format":"standard","meta":{"footnotes":""},"categories":[7],"tags":[],"class_list":["post-2187","post","type-post","status-publish","format-standard","hentry","category-infolettre"],"_links":{"self":[{"href":"https:\/\/vlap.fr\/labrassviedejupilles\/wp-json\/wp\/v2\/posts\/2187","targetHints":{"allow":["GET"]}}],"collection":[{"href":"https:\/\/vlap.fr\/labrassviedejupilles\/wp-json\/wp\/v2\/posts"}],"about":[{"href":"https:\/\/vlap.fr\/labrassviedejupilles\/wp-json\/wp\/v2\/types\/post"}],"author":[{"embeddable":true,"href":"https:\/\/vlap.fr\/labrassviedejupilles\/wp-json\/wp\/v2\/users\/1"}],"replies":[{"embeddable":true,"href":"https:\/\/vlap.fr\/labrassviedejupilles\/wp-json\/wp\/v2\/comments?post=2187"}],"version-history":[{"count":2,"href":"https:\/\/vlap.fr\/labrassviedejupilles\/wp-json\/wp\/v2\/posts\/2187\/revisions"}],"predecessor-version":[{"id":2710,"href":"https:\/\/vlap.fr\/labrassviedejupilles\/wp-json\/wp\/v2\/posts\/2187\/revisions\/2710"}],"wp:attachment":[{"href":"https:\/\/vlap.fr\/labrassviedejupilles\/wp-json\/wp\/v2\/media?parent=2187"}],"wp:term":[{"taxonomy":"category","embeddable":true,"href":"https:\/\/vlap.fr\/labrassviedejupilles\/wp-json\/wp\/v2\/categories?post=2187"},{"taxonomy":"post_tag","embeddable":true,"href":"https:\/\/vlap.fr\/labrassviedejupilles\/wp-json\/wp\/v2\/tags?post=2187"}],"curies":[{"name":"wp","href":"https:\/\/api.w.org\/{rel}","templated":true}]}}