{"id":2186,"date":"2025-02-16T20:51:59","date_gmt":"2025-02-16T20:51:59","guid":{"rendered":"https:\/\/vlap.fr\/labrassviedejupilles\/?p=2186"},"modified":"2025-07-13T15:07:59","modified_gmt":"2025-07-13T15:07:59","slug":"march-dhiver-dimanche","status":"publish","type":"post","link":"https:\/\/vlap.fr\/labrassviedejupilles\/2025\/02\/16\/march-dhiver-dimanche\/","title":{"rendered":"March&eacute; d&rsquo;hiver dimanche"},"content":{"rendered":"<div class=\"postie-post\">\n<div>\n<div class=\"moz-text-html\" lang=\"x-unicode\">\n<div class=\"moz-text-html\" lang=\"x-unicode\">\n<p>Bonjour \u00e0 toutes et tous,<\/p>\n<p>Celles et ceux qui ont d\u00e9j\u00e0 utilis\u00e9 l&rsquo;ordinateur de l&rsquo;association mis \u00e0 disposition \u00e0 c\u00f4t\u00e9 du bar appr\u00e9cieront le nouveau, beaucoup plus rapide. Merci \u00e0 l&rsquo;association <a href=\"https:\/\/linuxmaine.org\/\" target=\"_blank\" rel=\"noopener\">LinuxMaine<\/a>. Il tourne toujours sous <i>Debian Mate<\/i> et cela peut \u00eatre l&rsquo;occasion de proposer \u00e0 qui le voudrait des informations sur ce syst\u00e8me d&rsquo;exploitation alternatif aux solutions payantes.<\/p>\n<p>Outre les m\u00eames fonctionnalit\u00e9s usuelles,\u00a0<i>Linux<\/i> permet de r\u00e9habiliter des machines non-r\u00e9centes, de s&rsquo;initier \u00e0 plein de jeux gratuits tr\u00e8s bien faits et de d\u00e9couvrir tout un monde d&rsquo;applications \u00e9ducatives.<\/p>\n<p>En r\u00e9union de direction coll\u00e9giale, nous avons d\u00e9cid\u00e9 de mettre l&rsquo;accent sur le premier dimanche de chaque mois : nous accueillerons les b\u00e9n\u00e9voles ou simples membres de l&rsquo;association qui souhaiteront d\u00e9couvrir ces r\u00e9unions de direction, temps de r\u00e9gulation o\u00f9 l&rsquo;ordre du jour est ouvert, o\u00f9 il n&rsquo;y a pas de d\u00e9l\u00e9gation possible et o\u00f9 les d\u00e9cisions sont prises au consentement et peuvent \u00eatre rediscut\u00e9es.<\/p>\n<p>Les horaires d&rsquo;ouverture sont tenus \u00e0 jour sur la <a href=\"https:\/\/vlap.fr\/labrassviedejupilles\/#content\">page d&rsquo;accueil du site<\/a>.<\/p>\n<p><b>** Semaine du lundi 17 au dimanche 23 F\u00e9vrier 2025 **<\/b><\/p>\n<p><u><b>Lundi :<\/b><\/u><\/p>\n<p>* 09h30 &#8211; 12h00 : Ouverture du bar<\/p>\n<p>* 16h30 &#8211; 19h00 : Fl\u00e9chettes<\/p>\n<p><u><b>Mardi :<\/b><\/u><\/p>\n<p>* 10h00 &#8211; 12h30 : Caf\u00e9 tricot.<\/p>\n<p>* 17h00 &#8211; 19h00 : Repair caf\u00e9, aide informatique &#8211; d\u00e9couverte de <i>Linux<\/i>. Venez avec votre petit appareil \u00e9lectrom\u00e9nager ou \u00e9lectroportatif d\u00e9fectueux. Nous essayerons de le r\u00e9parer avec vous, ou au moins de diagnostiquer la panne.<\/p>\n<p>* 19h00 &#8211; 20h00 : Piano Bar. Heure pendant laquelle la musique enregistr\u00e9e est arr\u00eat\u00e9e et est jou\u00e9e sur le piano, par les pianistes qui se pr\u00e9sentent. Le bar fonctionne normalement, personne n&rsquo;est tenu d&rsquo;\u00e9couter, tout le monde peut discuter, faire du bruit.<\/p>\n<p><u><b>Mercredi :<\/b><\/u><\/p>\n<p>* 13h00 &#8211; 17h30 : Ouverture par Reginald avec des jeux, simples et complexes.<\/p>\n<p><u><b>Vendredi :<\/b><\/u><\/p>\n<p>* 13h00 &#8211; 18h00 : Ouverture du bar.<\/p>\n<p><u><b>Samedi :<\/b><\/u><\/p>\n<p>* 10h30 &#8211; 12h30 : Atelier th\u00e9\u00e2tre dans la salle d&rsquo;activit\u00e9 (complet).<\/p>\n<p><u><b>Dimanche :<\/b><\/u><b> <\/b>Grand march\u00e9 d&rsquo;hiver au village<\/p>\n<p>Attention ! Fin de l&rsquo;exposition photographique \u00ab\u00a0Bestioles\u00a0\u00bb de Reginald.<\/p>\n<p>* Pour le philocaf\u00e9, contacter Eric au .<\/p>\n<\/div>\n<div class=\"moz-text-html\" lang=\"x-unicode\"><i>Au plaisir de vous voir dans la semaine,<\/i><\/p>\n<pre class=\"moz-signature\" style=\"white-space: normal;\"><\/pre>\n<\/div>\n<\/div>\n<\/div>\n<\/div>\n","protected":false},"excerpt":{"rendered":"<p>Bonjour \u00e0 toutes et tous, Celles et ceux qui ont d\u00e9j\u00e0 utilis\u00e9 l&rsquo;ordinateur de l&rsquo;association mis \u00e0 disposition \u00e0 c\u00f4t\u00e9 du bar appr\u00e9cieront le nouveau, beaucoup plus rapide. Merci \u00e0 l&rsquo;association LinuxMaine. Il tourne toujours sous Debian Mate et cela peut \u00eatre l&rsquo;occasion de proposer \u00e0 qui le voudrait des informations sur ce syst\u00e8me d&rsquo;exploitation &hellip; <\/p>\n<p class=\"link-more\"><a href=\"https:\/\/vlap.fr\/labrassviedejupilles\/2025\/02\/16\/march-dhiver-dimanche\/\" class=\"more-link\">Continuer la lecture<span class=\"screen-reader-text\"> de &laquo;&nbsp;March&eacute; d&rsquo;hiver dimanche&nbsp;&raquo;<\/span><\/a><\/p>\n","protected":false},"author":1,"featured_media":0,"comment_status":"closed","ping_status":"closed","sticky":false,"template":"","format":"standard","meta":{"footnotes":""},"categories":[7],"tags":[],"class_list":["post-2186","post","type-post","status-publish","format-standard","hentry","category-infolettre"],"_links":{"self":[{"href":"https:\/\/vlap.fr\/labrassviedejupilles\/wp-json\/wp\/v2\/posts\/2186","targetHints":{"allow":["GET"]}}],"collection":[{"href":"https:\/\/vlap.fr\/labrassviedejupilles\/wp-json\/wp\/v2\/posts"}],"about":[{"href":"https:\/\/vlap.fr\/labrassviedejupilles\/wp-json\/wp\/v2\/types\/post"}],"author":[{"embeddable":true,"href":"https:\/\/vlap.fr\/labrassviedejupilles\/wp-json\/wp\/v2\/users\/1"}],"replies":[{"embeddable":true,"href":"https:\/\/vlap.fr\/labrassviedejupilles\/wp-json\/wp\/v2\/comments?post=2186"}],"version-history":[{"count":2,"href":"https:\/\/vlap.fr\/labrassviedejupilles\/wp-json\/wp\/v2\/posts\/2186\/revisions"}],"predecessor-version":[{"id":2711,"href":"https:\/\/vlap.fr\/labrassviedejupilles\/wp-json\/wp\/v2\/posts\/2186\/revisions\/2711"}],"wp:attachment":[{"href":"https:\/\/vlap.fr\/labrassviedejupilles\/wp-json\/wp\/v2\/media?parent=2186"}],"wp:term":[{"taxonomy":"category","embeddable":true,"href":"https:\/\/vlap.fr\/labrassviedejupilles\/wp-json\/wp\/v2\/categories?post=2186"},{"taxonomy":"post_tag","embeddable":true,"href":"https:\/\/vlap.fr\/labrassviedejupilles\/wp-json\/wp\/v2\/tags?post=2186"}],"curies":[{"name":"wp","href":"https:\/\/api.w.org\/{rel}","templated":true}]}}