{"id":2111,"date":"2024-11-17T22:09:32","date_gmt":"2024-11-17T22:09:32","guid":{"rendered":"https:\/\/vlap.fr\/labrassviedejupilles\/?p=2111"},"modified":"2025-07-13T11:33:52","modified_gmt":"2025-07-13T11:33:52","slug":"la-brassvie-de-jupilles-2024-semaine-n47","status":"publish","type":"post","link":"https:\/\/vlap.fr\/labrassviedejupilles\/2024\/11\/17\/la-brassvie-de-jupilles-2024-semaine-n47\/","title":{"rendered":"La Brass&rsquo;Vie de Jupilles. 2024 semaine n&deg;47"},"content":{"rendered":"<div class=\"postie-post\">\n<div>\n<div class=\"moz-text-html\" lang=\"x-unicode\">\n<p>Bonjour \u00e0 toutes et tous,<\/p>\n<p>Vendredi dernier, soir\u00e9e <i>contes<\/i> tr\u00e8s sympa o\u00f9 7          personnes ont \u00e9t\u00e9 accompagn\u00e9es par No\u00e9mie dans la rencontre d&rsquo;un          personnage de conte choisi (par chacun\u00b7e) et invit\u00e9es \u00e0 offrir          la d\u00e9couverte aux autres.<\/p>\n<p>Samedi dernier, beaucoup de partage : les tapas, les tortillas,          des \u00e9motions, des m\u00f4mes qui jouent, des papas mamans qui rient,          des chansons espagnoles et mexicaines accompagn\u00e9es au piano&#8230;          Le plaisir d&rsquo;\u00eatre ensemble. Il y en aura s\u00fbrement d&rsquo;autres cette          semaine, \u00e0 d\u00e9couvrir ci-dessous, notamment la seconde \u00e9dition de          l&rsquo;atelier <i>Fresque murale ancienne<\/i> et un repas ce          dimanche pour accompagner le d\u00e9crochage de l&rsquo;exposition.        <\/p>\n<p><b>** Semaine du lundi 18 au dimanche 24 Novembre 2024 **<\/b><\/p>\n<p>Les horaires d&rsquo;ouverture sont tenus \u00e0 jour sur la <a            href=\"https:\/\/vlap.fr\/labrassviedejupilles\/#content\">page            d&rsquo;accueil du site<\/a>.<\/p>\n<\/p>\n<p><u><b>Lundi :<\/b><\/u><\/p>\n<p>* 9h00 &#8211; 12h00 : On range la \u00ab\u00a0salle de r\u00e9union \/ biblioth\u00e8que \/          entrep\u00f4t de musique\u00a0\u00bb du 1\/2 \u00e9tage au dessus de la cuisine. Cela          vous donnera l&rsquo;occasion aussi de donner la main aux b\u00e9n\u00e9voles          qui \u0153uvrent chaque lundi (ou presque) pour que notre lieu reste          propre et agr\u00e9able. Un grand merci \u00e0 elles et aux autres          personnes qui font le m\u00e9nage de temps en temps (clin d\u2019\u0153il aux          bonnes volont\u00e9s \ud83d\ude09        <\/p>\n<p>* 14h00 &#8211; 17h00 : Accueil d&rsquo;\u00e9tudiant\u00b7es de seconde ann\u00e9e du          module de g\u00e9ographie sur les initiatives citoyennes de          transition socio-\u00e9cologique.<\/p>\n<p>* 17h00 &#8211; 19h00 : Fl\u00e9chettes. <\/p>\n<p><u><b>Mardi :<\/b><\/u><\/p>\n<p>* 10h00 &#8211; 12h30 : Atelier tricot avec Marie, dans lequel se          transmettent les mailles et autres crochets dans une ambiance          tr\u00e8s sympathique. <\/p>\n<\/p>\n<p><u><b>Mercredi :<\/b><\/u><\/p>\n<p>* 13h30 &#8211; 17h30 : R\u00e9ginald avec des jeux. <\/p>\n<\/p>\n<p><u><b>Jeudi :<\/b><\/u><\/p>\n<p>* 18h00 &#8211; 20h00 : Atelier Dessin. Dessin libre, dessin          technique, perspective, portrait&#8230; Avec le public          Pr\u00e9-ados\/ados.<\/p>\n<p>* 18h30 &#8211; 20h30 : L\u00e2chage vocal. Fred pizza est sur la place du          village.<\/p>\n<p><u><b>Vendredi :<\/b><\/u><\/p>\n<p>* 10h00 &#8211; 11h00 : Mise en mouvement. Prendre un moment \u00e0          plusieurs pour le r\u00e9veil corporel que chacun devrait faire          chaque jour chez soi. Soit on fait la m\u00eame chose soit chacun se          met en mouvement \u00e0 sa fa\u00e7on. C&rsquo;est libre.<\/p>\n<p><u><b>Samedi :<\/b><\/u><\/p>\n<p>* 09h00 &#8211; 12h00 : Atelier <i>Fresque murale ancienne<\/i>.          Peinture murale \u00e0 la chaux \u00ab\u00a0\u00e9cole italienne\u00a0\u00bb.          Peinture a tempera \u00ab\u00a0\u00e9cole byzantine\u00a0\u00bb.        <\/p>\n<p>* 20h00 &#8211; 21h30 : (autre \u00e0 Jupilles) R\u00e9union publique          \u00ab\u00a0Pollution de l&rsquo;eau par le gaz CVM canc\u00e9rig\u00e8ne, mutag\u00e8ne,          reprotoxique, de l&rsquo;\u00e9chelle communale \u00e0 l&rsquo;\u00e9chelle nationale\u00a0\u00bb. Les          associations Comit\u00e9 Citoyen, France Nature Environnement Sarthe,          Ligue des Droits de l&rsquo;Homme et G\u00e9n\u00e9rations Futures vous invitent          \u00e0 venir participer \u00e0 la petite salle des f\u00eates de Jupilles, rue          du 8 mai 1945.<\/p>\n<p><u><b>Dimanche :<\/b><\/u><\/p>\n<p>Chaque dimanche, le caf\u00e9 est bien occup\u00e9 par la diversit\u00e9          habituelle du lieu : discussions amicales autour d&rsquo;une table, un          verre au bar, philocaf\u00e9, une pause apr\u00e8s le march\u00e9,&#8230; Des          adultes, des enfants, des connu\u00b7es, des inconnu\u00b7es, bref le          rituel et renouvel\u00e9 mouvement des esprits et des corps des          dimanches matins au bistrot brass&rsquo;vien.\u00a0 <\/p>\n<p>Le 24, c&rsquo;est le dernier jour pour voir l&rsquo;exposition collective          et familiale car on d\u00e9croche \u00e0 13h30 !         <\/p>\n<p>* 12h30 &#8211; 14h00 : Potage &#8211; parmentier de poisson &#8211; tarte tatin          aux pommes. 20 repas \u00e0 vendre, merci de r\u00e9server. Possibilit\u00e9          parmentier v\u00e9g\u00e9.<\/p>\n<p>* Pour le philocaf\u00e9, contacter Eric au 06 47 83 24 32.         <\/p>\n<\/p><\/div>\n<div class=\"moz-text-html\" lang=\"x-unicode\"><i>Au plaisir de vous          voir dans la semaine,<\/i>        <\/p>\n<pre class=\"moz-signature\" cols=\"72\" style=\"white-space:normal\">          <\/div>\n","protected":false},"excerpt":{"rendered":"<p>Bonjour \u00e0 toutes et tous, Vendredi dernier, soir\u00e9e contes tr\u00e8s sympa o\u00f9 7 personnes ont \u00e9t\u00e9 accompagn\u00e9es par No\u00e9mie dans la rencontre d&rsquo;un personnage de conte choisi (par chacun\u00b7e) et invit\u00e9es \u00e0 offrir la d\u00e9couverte aux autres. Samedi dernier, beaucoup de partage : les tapas, les tortillas, des \u00e9motions, des m\u00f4mes qui jouent, des papas &hellip; <\/p>\n<p class=\"link-more\"><a href=\"https:\/\/vlap.fr\/labrassviedejupilles\/2024\/11\/17\/la-brassvie-de-jupilles-2024-semaine-n47\/\" class=\"more-link\">Continuer la lecture<span class=\"screen-reader-text\"> de &laquo;&nbsp;La Brass&rsquo;Vie de Jupilles. 2024 semaine n&deg;47&nbsp;&raquo;<\/span><\/a><\/p>\n","protected":false},"author":1,"featured_media":0,"comment_status":"closed","ping_status":"closed","sticky":false,"template":"","format":"standard","meta":{"footnotes":""},"categories":[7],"tags":[],"class_list":["post-2111","post","type-post","status-publish","format-standard","hentry","category-infolettre"],"_links":{"self":[{"href":"https:\/\/vlap.fr\/labrassviedejupilles\/wp-json\/wp\/v2\/posts\/2111","targetHints":{"allow":["GET"]}}],"collection":[{"href":"https:\/\/vlap.fr\/labrassviedejupilles\/wp-json\/wp\/v2\/posts"}],"about":[{"href":"https:\/\/vlap.fr\/labrassviedejupilles\/wp-json\/wp\/v2\/types\/post"}],"author":[{"embeddable":true,"href":"https:\/\/vlap.fr\/labrassviedejupilles\/wp-json\/wp\/v2\/users\/1"}],"replies":[{"embeddable":true,"href":"https:\/\/vlap.fr\/labrassviedejupilles\/wp-json\/wp\/v2\/comments?post=2111"}],"version-history":[{"count":1,"href":"https:\/\/vlap.fr\/labrassviedejupilles\/wp-json\/wp\/v2\/posts\/2111\/revisions"}],"predecessor-version":[{"id":2534,"href":"https:\/\/vlap.fr\/labrassviedejupilles\/wp-json\/wp\/v2\/posts\/2111\/revisions\/2534"}],"wp:attachment":[{"href":"https:\/\/vlap.fr\/labrassviedejupilles\/wp-json\/wp\/v2\/media?parent=2111"}],"wp:term":[{"taxonomy":"category","embeddable":true,"href":"https:\/\/vlap.fr\/labrassviedejupilles\/wp-json\/wp\/v2\/categories?post=2111"},{"taxonomy":"post_tag","embeddable":true,"href":"https:\/\/vlap.fr\/labrassviedejupilles\/wp-json\/wp\/v2\/tags?post=2111"}],"curies":[{"name":"wp","href":"https:\/\/api.w.org\/{rel}","templated":true}]}}