{"id":2107,"date":"2024-11-10T19:13:48","date_gmt":"2024-11-10T19:13:48","guid":{"rendered":"https:\/\/vlap.fr\/labrassviedejupilles\/?p=2107"},"modified":"2025-07-13T11:33:47","modified_gmt":"2025-07-13T11:33:47","slug":"la-brassvie-de-jupilles-2024-semaine-n46","status":"publish","type":"post","link":"https:\/\/vlap.fr\/labrassviedejupilles\/2024\/11\/10\/la-brassvie-de-jupilles-2024-semaine-n46\/","title":{"rendered":"La Brass&rsquo;Vie de Jupilles. 2024 semaine n&deg;46"},"content":{"rendered":"<div class=\"postie-post\">\n<div>\n<div class=\"moz-text-html\" lang=\"x-unicode\">\n<div class=\"moz-text-html\" lang=\"x-unicode\">\n<p>Bonjour \u00e0 toutes et tous,<\/p>\n<div class=\"moz-text-html\" lang=\"x-unicode\">\n<p>Le week end \u00e0 t&rsquo;aime <i>Fiesta de toda la Vida al St Jacques !<\/i> est report\u00e9. Nous vous proposons tout de m\u00eame de nous retrouver samedi pour une soir\u00e9e aux consonances hispaniques mais sans grande pr\u00e9paration : nous ferons avec ce que chacun &#8211; chacune aura apport\u00e9.<\/p>\n<p>D\u00e9coration (jaune et rouge ?) bienvenue \u00e0 partir de 16h, repas partag\u00e9 \u00e0 partir de 19h (Il y a aura finalement des tapas \u00e0 vendre pour 25 personnes), musique guitare chants po\u00e9sie&#8230; (selon vos envies) \u00e0 partir de 20h30. Nous proposons aux personnes hispanophones de ne pas h\u00e9siter \u00e0 mettre le fran\u00e7ais de c\u00f4t\u00e9 (et pourquoi pas \u00e0 s&rsquo;identifier avec un peu de rouge et jaune sur leur veston)<\/p>\n<p>Voil\u00e0, ce ne sera pas la premi\u00e8re fois \u00e0 la Brass&rsquo;vie que la soir\u00e9e ne ressemblera pas \u00e0 ce qui \u00e9tait pr\u00e9vu au d\u00e9part, mais ce sera top quand m\u00eame !<\/p>\n<p>Et vendredi soir avant la sc\u00e8ne ouverte : Atelier de pratique du conte pour adultes.<\/p>\n<\/div>\n<p>Les horaires d&rsquo;ouverture sont tenus \u00e0 jour sur la <a href=\"https:\/\/vlap.fr\/labrassviedejupilles\/#content\">page d&rsquo;accueil du site<\/a>.<\/p>\n<p><b>** Semaine du lundi 11 au dimanche 17 Novembre 2024 **<\/b><\/p>\n<p><u><b>Lundi :<\/b><\/u><\/p>\n<p>* 17h00 &#8211; 19h00 : Fl\u00e9chettes.<\/p>\n<p><u><b>Mardi :<\/b><\/u><\/p>\n<p>* 10h00 &#8211; 12h00 : Caf\u00e9 tricot\/crochet. apprendre de nouvelles techniques, \u00e9changer des mod\u00e8les, des id\u00e9es&#8230;.<\/p>\n<p><u><b>Mercredi :<\/b><\/u><\/p>\n<p>* 13h30 &#8211; 18h30 : R\u00e9ginald avec des jeux.<\/p>\n<p><u><b>Jeudi :<\/b><\/u><\/p>\n<p>* 18h30 &#8211; 20h30 : L\u00e2chage vocal. Fred pizza est sur la place du village<\/p>\n<p>* 18h30 &#8211; 20h30 : Atelier Dessin. Dessin libre, dessin technique, perspective, portrait&#8230; Avec le public Pr\u00e9-ados\/ados.<\/p>\n<p><u><b>Vendredi :<\/b><\/u><\/p>\n<p>* 11h00 &#8211; 12h00 : Mise en mouvement. Prendre un moment \u00e0 plusieurs pour le r\u00e9veil corporel que chacun devrait faire chaque jour chez soi. Soit on fait la m\u00eame chose soit chacun se met en mouvement \u00e0 sa fa\u00e7on. C&rsquo;est libre.<\/p>\n<p>* 19h30 &#8211; 21h30 : Atelier de pratique du conte pour adultes. Plaisir, \u00e9motion, sens du partage seront les navires sur lesquels nous voguerons pour aller d\u00e9couvrir, par le jeu et par le collectif, la parole du conte. 10 pers max. Inscriptions souhait\u00e9es.<\/p>\n<p>* 21h30 &#8211; 23h30 : Sc\u00e8ne ouverte.<\/p>\n<p><u><b>Samedi :<\/b><\/u><\/p>\n<p>* 16h00 &#8211; 23h30 : Brass&rsquo;vie espagnole (ou mexicaine, ou&#8230;) : Venez avec ce que vous avez envie de partager du monde hispanique !<\/p>\n<p><u><b>Dimanche :<\/b><\/u><\/p>\n<p>* Exposition visible au 1er \u00e9tage. Pour le philocaf\u00e9, contacter Eric au 06 47 83 24 32.<\/p>\n<\/div>\n<div class=\"moz-text-html\" lang=\"x-unicode\"><i>Au plaisir de vous voir dans la semaine,<\/i><\/p>\n<pre class=\"moz-signature\" style=\"white-space: normal;\"><\/pre>\n<\/div>\n<\/div>\n<\/div>\n<\/div>\n","protected":false},"excerpt":{"rendered":"<p>Bonjour \u00e0 toutes et tous, Le week end \u00e0 t&rsquo;aime Fiesta de toda la Vida al St Jacques ! est report\u00e9. Nous vous proposons tout de m\u00eame de nous retrouver samedi pour une soir\u00e9e aux consonances hispaniques mais sans grande pr\u00e9paration : nous ferons avec ce que chacun &#8211; chacune aura apport\u00e9. D\u00e9coration (jaune et &hellip; <\/p>\n<p class=\"link-more\"><a href=\"https:\/\/vlap.fr\/labrassviedejupilles\/2024\/11\/10\/la-brassvie-de-jupilles-2024-semaine-n46\/\" class=\"more-link\">Continuer la lecture<span class=\"screen-reader-text\"> de &laquo;&nbsp;La Brass&rsquo;Vie de Jupilles. 2024 semaine n&deg;46&nbsp;&raquo;<\/span><\/a><\/p>\n","protected":false},"author":1,"featured_media":0,"comment_status":"closed","ping_status":"closed","sticky":false,"template":"","format":"standard","meta":{"footnotes":""},"categories":[7],"tags":[],"class_list":["post-2107","post","type-post","status-publish","format-standard","hentry","category-infolettre"],"_links":{"self":[{"href":"https:\/\/vlap.fr\/labrassviedejupilles\/wp-json\/wp\/v2\/posts\/2107","targetHints":{"allow":["GET"]}}],"collection":[{"href":"https:\/\/vlap.fr\/labrassviedejupilles\/wp-json\/wp\/v2\/posts"}],"about":[{"href":"https:\/\/vlap.fr\/labrassviedejupilles\/wp-json\/wp\/v2\/types\/post"}],"author":[{"embeddable":true,"href":"https:\/\/vlap.fr\/labrassviedejupilles\/wp-json\/wp\/v2\/users\/1"}],"replies":[{"embeddable":true,"href":"https:\/\/vlap.fr\/labrassviedejupilles\/wp-json\/wp\/v2\/comments?post=2107"}],"version-history":[{"count":2,"href":"https:\/\/vlap.fr\/labrassviedejupilles\/wp-json\/wp\/v2\/posts\/2107\/revisions"}],"predecessor-version":[{"id":2110,"href":"https:\/\/vlap.fr\/labrassviedejupilles\/wp-json\/wp\/v2\/posts\/2107\/revisions\/2110"}],"wp:attachment":[{"href":"https:\/\/vlap.fr\/labrassviedejupilles\/wp-json\/wp\/v2\/media?parent=2107"}],"wp:term":[{"taxonomy":"category","embeddable":true,"href":"https:\/\/vlap.fr\/labrassviedejupilles\/wp-json\/wp\/v2\/categories?post=2107"},{"taxonomy":"post_tag","embeddable":true,"href":"https:\/\/vlap.fr\/labrassviedejupilles\/wp-json\/wp\/v2\/tags?post=2107"}],"curies":[{"name":"wp","href":"https:\/\/api.w.org\/{rel}","templated":true}]}}