{"id":2055,"date":"2024-06-16T19:53:02","date_gmt":"2024-06-16T19:53:02","guid":{"rendered":"https:\/\/vlap.fr\/labrassviedejupilles\/?p=2055"},"modified":"2025-07-13T11:40:48","modified_gmt":"2025-07-13T11:40:48","slug":"on-fte-nos-6-ans-en-mme-temps-que-la-musique","status":"publish","type":"post","link":"https:\/\/vlap.fr\/labrassviedejupilles\/2024\/06\/16\/on-fte-nos-6-ans-en-mme-temps-que-la-musique\/","title":{"rendered":"On f&ecirc;te nos 6 ans en m&ecirc;me temps que la musique"},"content":{"rendered":"<div class=\"postie-post\">\n<div>\n<div class=\"moz-text-html\" lang=\"x-unicode\">\n<div class=\"moz-text-html\" lang=\"x-unicode\">\n<p>Bonjour \u00e0 toutes et tous,<\/p>\n<p>Ce dimanche, belle matin\u00e9e partag\u00e9e autour des cr\u00e9ations des            adh\u00e9rent\u00b7es lors du vernissage de Brass&rsquo;arts 2024.<\/p>\n<p>Dans le contexte politique actuel, nous vous proposons deux            temps de discussions, mardi et dimanche. Venez avec votre            \u00e9coute, vos id\u00e9es et votre tol\u00e9rance.<\/p>\n<p>Et ce week end, on f\u00eate nos 6 ans ! Youpi \ud83e\udd73 youpla \ud83d\ude1b boum            \ud83e\udd17          <\/p>\n<p>Dimanche : march\u00e9 d&rsquo;\u00e9t\u00e9 et repas mexicain.          <\/p>\n<p><b>** Semaine du lundi 17 au dimanche 23 Juin 2024 **<\/b> <\/p>\n<p>Les horaires d&rsquo;ouverture sont tenus \u00e0 jour sur la <a              href=\"https:\/\/vlap.fr\/labrassviedejupilles\/#content\">page              d&rsquo;accueil du site<\/a>.<\/p>\n<p><u><b>Mardi :<\/b><\/u><\/p>\n<p>* 20h00 &#8211; 21h30 : Voter ? pour qui ? pourquoi ? On discute.<\/p>\n<\/p>\n<p><u><b>Mercredi :<\/b><\/u><\/p>\n<p>* 14h00 &#8211; 18h00 : Jeu de soci\u00e9t\u00e9. <\/p>\n<p><u><b>Jeudi :<\/b><\/u><\/p>\n<p>* 18h30 &#8211; 23h00 : L\u00e2chage vocal + repas, cakes &#8211; crudit\u00e9s.            Fred pizza est sur la place du village.<\/p>\n<p><u><b>Vendredi :<\/b><\/u><\/p>\n<p>* Le l\u00e2chage vocal est \u00e0 la f\u00eate de la musique de Vaas, \u00e0            partir de 19h place de la libert\u00e9.          <\/p>\n<p>* 16h00 &#8211; 22h30 : (autre \u00e0 Jupilles) Radio Crocus accueillera            \u00e0 sa table et \u00e0 ses micros Patricia et Olivier, nouveaux            mara\u00eechers \u00e0 Jupilles.Toutes les informations <a  href=\"https:\/\/pad.lescommuns.org\/diner_rencontre_crocus_on_air?view#Nos-prochaines-%C3%A9missions\">ici<\/a>.          <\/p>\n<p><u><b>Samedi : F\u00eate de la musique et anniversaire de                l&rsquo;association<br \/>              <\/b><\/u><\/p>\n<p>* En matin\u00e9e : pr\u00e9paration des lieux, jardin, barnums,            tables, wc, lumi\u00e8re, son&#8230;          <\/p>\n<p>* 17h00 &#8211; 19h00 : Atelier d&rsquo;\u00e9criture Le Labo des mots. \u00ab\u00a0Des            mots et des notes.\u00a0\u00bb Atelier d&rsquo;\u00e9criture de chansons ou textes            courts avec cr\u00e9ation d&rsquo;une composition musicale pour faire            corps avec le texte. A partir des textes \u00e9bauch\u00e9s ou finalis\u00e9s            lors de la s\u00e9ance pr\u00e9c\u00e9dente, Charlotte vous accompagnera dans            sa mise en musique. L&rsquo;atelier pourra se conclure par une sc\u00e8ne            ouverte, pr\u00e9sentant des lectures de textes et des chansons \u00e0            partir de 20h. <\/p>\n<p>* 19h00 &#8211; 21h00 : Frites + barbecue ouvert. L\u00e9gumes \u00e0            griller, saucisses, merguez, et ce que vous apporterez ! Vous            \u00eates aussi invit\u00e9\u00b7es \u00e0 apporter des g\u00e2teaux.          <\/p>\n<p>* 20h00 &#8211; 20h45 : Le Labo des mots : repr\u00e9sentation. Apr\u00e8s le            cycle des 4 s\u00e9ances d&rsquo;atelier d&rsquo;\u00e9criture et de chansons            propos\u00e9 par le Labo des mots, Cuerda Rota propose une            pr\u00e9sentation des cr\u00e9ations mises en musique lors de 3\u00e8me            s\u00e9ance. Toute personne d\u00e9sireuse de partager \u00ab\u00a0sa petite            chanson\u00a0\u00bb, est bienvenue lors de cette sc\u00e8ne ouverte !<\/p>\n<p>* 20h45 &#8211; 23h30 : Sc\u00e8ne ouverte musicale.           <\/p>\n<p><u><b>Dimanche :<\/b><\/u> March\u00e9 \u00e9tendu d&rsquo;\u00e9t\u00e9          <\/p>\n<p>* 09h30 &#8211; 15h00 : Expo Brass&rsquo;arts 2024. Exposition des            cr\u00e9ations des adh\u00e9rent\u00b7es de la Brass&rsquo;vie jusqu&rsquo;au 25 ao\u00fbt. <\/p>\n<p>* 12h30 &#8211; 14h00 : Repas de f\u00eate Mexicain. Marie, Dany et            Odile seront contentes de vous accueillir pour f\u00eater les 6 ans            de la Brass&rsquo;Vie avec un repas mexicain r\u00e9serv\u00e9 aux f\u00eates. Mole            poblano (poulet riz et haricots &#8211; frijoles) avec sauce tr\u00e8s            sp\u00e9ciale, con una tortilla, elotes (ma\u00efs doux). Dulce de coco            o pi\u00f1a (Dessert flan de coco), ananas. Trente repas carn\u00e9            (13\u20ac50) et 20 v\u00e9g\u00e9 (10\u20ac), b\u00e9n\u00e9voles compris. R\u00e9servations par            mail ou sms.          <\/p>\n<p>* 15h00 &#8211; 17h30 : Voter ? pour qui ? pourquoi ? et apr\u00e8s ?            Discutons !<\/p>\n<p>* Pour le philocaf\u00e9, contacter Eric au 06 47 83 24 32.<\/p>\n<\/p><\/div>\n<div class=\"moz-text-html\" lang=\"x-unicode\"><i>Au plaisir de vous            voir dans la semaine,<\/i>          <\/p>\n<pre class=\"moz-signature\" cols=\"72\" style=\"white-space:normal\">            <\/div>\n","protected":false},"excerpt":{"rendered":"<p>Bonjour \u00e0 toutes et tous, Ce dimanche, belle matin\u00e9e partag\u00e9e autour des cr\u00e9ations des adh\u00e9rent\u00b7es lors du vernissage de Brass&rsquo;arts 2024. Dans le contexte politique actuel, nous vous proposons deux temps de discussions, mardi et dimanche. Venez avec votre \u00e9coute, vos id\u00e9es et votre tol\u00e9rance. Et ce week end, on f\u00eate nos 6 ans ! &hellip; <\/p>\n<p class=\"link-more\"><a href=\"https:\/\/vlap.fr\/labrassviedejupilles\/2024\/06\/16\/on-fte-nos-6-ans-en-mme-temps-que-la-musique\/\" class=\"more-link\">Continuer la lecture<span class=\"screen-reader-text\"> de &laquo;&nbsp;On f&ecirc;te nos 6 ans en m&ecirc;me temps que la musique&nbsp;&raquo;<\/span><\/a><\/p>\n","protected":false},"author":1,"featured_media":0,"comment_status":"closed","ping_status":"closed","sticky":false,"template":"","format":"standard","meta":{"footnotes":""},"categories":[7],"tags":[],"class_list":["post-2055","post","type-post","status-publish","format-standard","hentry","category-infolettre"],"_links":{"self":[{"href":"https:\/\/vlap.fr\/labrassviedejupilles\/wp-json\/wp\/v2\/posts\/2055","targetHints":{"allow":["GET"]}}],"collection":[{"href":"https:\/\/vlap.fr\/labrassviedejupilles\/wp-json\/wp\/v2\/posts"}],"about":[{"href":"https:\/\/vlap.fr\/labrassviedejupilles\/wp-json\/wp\/v2\/types\/post"}],"author":[{"embeddable":true,"href":"https:\/\/vlap.fr\/labrassviedejupilles\/wp-json\/wp\/v2\/users\/1"}],"replies":[{"embeddable":true,"href":"https:\/\/vlap.fr\/labrassviedejupilles\/wp-json\/wp\/v2\/comments?post=2055"}],"version-history":[{"count":1,"href":"https:\/\/vlap.fr\/labrassviedejupilles\/wp-json\/wp\/v2\/posts\/2055\/revisions"}],"predecessor-version":[{"id":2554,"href":"https:\/\/vlap.fr\/labrassviedejupilles\/wp-json\/wp\/v2\/posts\/2055\/revisions\/2554"}],"wp:attachment":[{"href":"https:\/\/vlap.fr\/labrassviedejupilles\/wp-json\/wp\/v2\/media?parent=2055"}],"wp:term":[{"taxonomy":"category","embeddable":true,"href":"https:\/\/vlap.fr\/labrassviedejupilles\/wp-json\/wp\/v2\/categories?post=2055"},{"taxonomy":"post_tag","embeddable":true,"href":"https:\/\/vlap.fr\/labrassviedejupilles\/wp-json\/wp\/v2\/tags?post=2055"}],"curies":[{"name":"wp","href":"https:\/\/api.w.org\/{rel}","templated":true}]}}