{"id":2053,"date":"2024-06-02T20:13:31","date_gmt":"2024-06-02T20:13:31","guid":{"rendered":"https:\/\/vlap.fr\/labrassviedejupilles\/?p=2053"},"modified":"2025-07-13T11:41:07","modified_gmt":"2025-07-13T11:41:07","slug":"week-end-associatif-en-perspective","status":"publish","type":"post","link":"https:\/\/vlap.fr\/labrassviedejupilles\/2024\/06\/02\/week-end-associatif-en-perspective\/","title":{"rendered":"Week-end associatif en perspective !"},"content":{"rendered":"<div class=\"postie-post\">\n<div>\n<div class=\"moz-text-html\" lang=\"x-unicode\">\n<div class=\"moz-text-html\" lang=\"x-unicode\">\n<p>Bonjour \u00e0 toutes et tous,<\/p>\n<p>Ce week end, l&rsquo;\u00c9bauche organise son \u00e9v\u00e9nement \u00ab\u00a0<i>Habiter en              oiseaux<\/i>\u00ab\u00a0, l&rsquo;Escampe ses \u00ab\u00a0<i>Rencontres de la              permaculture<\/i>\u00a0\u00bb et la Brass&rsquo;vie son second \u00ab\u00a0<i>Week end \u00e0              t&rsquo;aime<\/i> : <i>Danse Again<\/i>\u00ab\u00a0.<\/p>\n<p>Nos trois associations se sont organis\u00e9es pour que vous            puissiez picorer ce qui vous inspire dans chacune des            programmations.          <\/p>\n<p><b>** Semaine du lundi 3 au dimanche 09 Juin 2024 **<\/b><\/p>\n<p>\u00c0 chaque <a              href=\"https:\/\/vlap.fr\/labrassviedejupilles\/#content\">moment              d&rsquo;ouverture<\/a> : <a  href=\"https:\/\/vlap.fr\/labrassviedejupilles\/cercle-expositions\/\">exposition<\/a>            (derni\u00e8re semaine) et <a              href=\"https:\/\/vlap.fr\/labrassviedejupilles\/brassarts\/\">brass&rsquo;arts<\/a>            (semaine suivante) <\/p>\n<p>          <u><b>Mardi :<\/b><\/u><\/div>\n<div class=\"moz-text-html\" lang=\"x-unicode\">        <\/div>\n<div class=\"moz-text-html\" lang=\"x-unicode\">* 20h00 : R\u00e9union de          pr\u00e9paration de la f\u00eate du village (6 juillet) et de la brocante          (4 ao\u00fbt) avec la municipalit\u00e9 et le comit\u00e9 des f\u00eates. \u00c0 la salle          des f\u00eates. Tout\u00b7es les b\u00e9n\u00e9voles potentiel\u00b7les sont invit\u00e9\u00b7es.        <\/div>\n<div class=\"moz-text-html\" lang=\"x-unicode\"><u><b><br \/>            <\/b><\/u><\/div>\n<div class=\"moz-text-html\" lang=\"x-unicode\"><u><b>Mercredi :<\/b><\/u>          <\/p>\n<p>* 14h00 &#8211; 18h00 : Jeux de soci\u00e9t\u00e9. <\/p>\n<p><u><b>Jeudi :<\/b><\/u><\/p>\n<p>* 08h00 &#8211; 17h00 : L\u2019\u00e9cologie sans lutte des classes, du            jardinage ? Organis\u00e9 par la FSU. Entr\u00e9e libre et gratuite.<\/p>\n<p>* 18h30 &#8211; 20h30 : L\u00e2chage vocal. Fred pizza est sur la place            du village.<\/p>\n<\/p>\n<p>* 21h00 &#8211; 23h30 : Brouillon de sc\u00e8ne. <\/p>\n<p><u><b>Vendredi :<\/b><\/u><\/p>\n<p>* 19h00 &#8211; 23h00 : <i>Week End \u00c0 T&rsquo;aime 2<\/i>. Concert \u00ab\u00a0<i><a                href=\"https:\/\/collectif3h10.fr\/superpocket\">SuperPocket<\/a><\/i>\u00ab\u00a0.<\/p>\n<p>* \u00e0 partir de 20h30 : Repas partag\u00e9, on apporte ses            sp\u00e9cialit\u00e9s.          <\/p>\n<p><u><b>Samedi :<\/b><\/u><\/p>\n<p>* 10h00 &#8211; 23h30 : (autre \u00e0 Jupilles) <a              href=\"https:\/\/escampe.fr\/permaculture\/?page_id=296\">Rencontres              permaculturelles<\/a> de l&rsquo;<i>Escampe<\/i>. Matin : visite de            crocus \/ principes de la permaculture \/ fauchage et aff\u00fbtage            d&rsquo;outils. Apr\u00e8s midi : apiculture douce, abeilles solitaire,            arbres mellif\u00e8res \/ Design permaculturel et climat \/ Assembl\u00e9e            g\u00e9n\u00e9rale (16h) \/ conf\u00e9rence gesticul\u00e9e puis soir\u00e9e brass&rsquo;vie.<\/p>\n<p>* 14h00 &#8211; 18h00 : (autre \u00e0 Jupilles) HABITER EN OISEAU &#8211; Art            et Rencontre. Organis\u00e9 \u00e0 L&rsquo;\u00c9BAUCHE. Ateliers artistiques,            spectacles, raboutage, repas partag\u00e9, discussion. <a  href=\"https:\/\/lebauche.gaellegueranger.com\/project\/habiter-en-oiseau-2024\/\">Tout              le programme ici<\/a>.           <\/p>\n<p>* 18h30 &#8211; 23h30 : Suite du <i>Week-End \u00c0 T&rsquo;aime 2<\/i>, <i>Danse              Again<\/i>. Performance (Alexandre \u00e0 la batterie, Guillaume \u00e0            la voix) + DJ galettes (Robin)<\/p>\n<p>          <u><b>Dimanche :<\/b><\/u>          <\/p>\n<p>* 09h30 &#8211; 17h30 : (autre \u00e0 Jupilles) Suite des <a              href=\"https:\/\/escampe.fr\/permaculture\/?page_id=296\">Rencontres              permaculturelles<\/a> de l&rsquo;<i>Escampe<\/i>. Matin : Balade            bio-diversit\u00e9 \/ inventons nos vies bas carbone. Apr\u00e8s midi :            La vie en collectif (table ronde) \/ si on se reliait \u00e0 la            Terre ? (atelier ludique et cr\u00e9atif).           <\/p>\n<p>* 10h00 &#8211; 13h00 : (asso amie) Midi festif en soutien \u00e0 <i>Kestubouine?<\/i>            Place de l&rsquo;\u00e9glise de la Chartre sur le Loir. Spectacle <i>Ginette              Rebelle<\/i>, boutique, cr\u00eapes, buvette.          <\/p>\n<p>* 10h30 &#8211; 17h00 : (autre \u00e0 Jupilles) Suite du festival <a  href=\"https:\/\/lebauche.gaellegueranger.com\/project\/habiter-en-oiseau-2024\/\">Habiter              en oiseau<\/a> &#8211; Art et Rencontre organis\u00e9 \u00e0 L&rsquo;\u00c9BAUCHE.            Ateliers artistiques, spectacles,\u00a0raboutage, repas partag\u00e9,            discussion.<\/p>\n<p>* Pour le philocaf\u00e9, contacter Eric au 06 47 83 24 32.<\/p>\n<\/p><\/div>\n<div class=\"moz-text-html\" lang=\"x-unicode\"><i>Au plaisir de vous            voir dans la semaine,<\/i>          <\/p>\n<pre class=\"moz-signature\" cols=\"72\" style=\"white-space:normal\">            <\/div>\n","protected":false},"excerpt":{"rendered":"<p>Bonjour \u00e0 toutes et tous, Ce week end, l&rsquo;\u00c9bauche organise son \u00e9v\u00e9nement \u00ab\u00a0Habiter en oiseaux\u00ab\u00a0, l&rsquo;Escampe ses \u00ab\u00a0Rencontres de la permaculture\u00a0\u00bb et la Brass&rsquo;vie son second \u00ab\u00a0Week end \u00e0 t&rsquo;aime : Danse Again\u00ab\u00a0. Nos trois associations se sont organis\u00e9es pour que vous puissiez picorer ce qui vous inspire dans chacune des programmations. ** Semaine du &hellip; <\/p>\n<p class=\"link-more\"><a href=\"https:\/\/vlap.fr\/labrassviedejupilles\/2024\/06\/02\/week-end-associatif-en-perspective\/\" class=\"more-link\">Continuer la lecture<span class=\"screen-reader-text\"> de &laquo;&nbsp;Week-end associatif en perspective !&nbsp;&raquo;<\/span><\/a><\/p>\n","protected":false},"author":1,"featured_media":0,"comment_status":"closed","ping_status":"closed","sticky":false,"template":"","format":"standard","meta":{"footnotes":""},"categories":[7],"tags":[],"class_list":["post-2053","post","type-post","status-publish","format-standard","hentry","category-infolettre"],"_links":{"self":[{"href":"https:\/\/vlap.fr\/labrassviedejupilles\/wp-json\/wp\/v2\/posts\/2053","targetHints":{"allow":["GET"]}}],"collection":[{"href":"https:\/\/vlap.fr\/labrassviedejupilles\/wp-json\/wp\/v2\/posts"}],"about":[{"href":"https:\/\/vlap.fr\/labrassviedejupilles\/wp-json\/wp\/v2\/types\/post"}],"author":[{"embeddable":true,"href":"https:\/\/vlap.fr\/labrassviedejupilles\/wp-json\/wp\/v2\/users\/1"}],"replies":[{"embeddable":true,"href":"https:\/\/vlap.fr\/labrassviedejupilles\/wp-json\/wp\/v2\/comments?post=2053"}],"version-history":[{"count":1,"href":"https:\/\/vlap.fr\/labrassviedejupilles\/wp-json\/wp\/v2\/posts\/2053\/revisions"}],"predecessor-version":[{"id":2556,"href":"https:\/\/vlap.fr\/labrassviedejupilles\/wp-json\/wp\/v2\/posts\/2053\/revisions\/2556"}],"wp:attachment":[{"href":"https:\/\/vlap.fr\/labrassviedejupilles\/wp-json\/wp\/v2\/media?parent=2053"}],"wp:term":[{"taxonomy":"category","embeddable":true,"href":"https:\/\/vlap.fr\/labrassviedejupilles\/wp-json\/wp\/v2\/categories?post=2053"},{"taxonomy":"post_tag","embeddable":true,"href":"https:\/\/vlap.fr\/labrassviedejupilles\/wp-json\/wp\/v2\/tags?post=2053"}],"curies":[{"name":"wp","href":"https:\/\/api.w.org\/{rel}","templated":true}]}}