{"id":2010,"date":"2024-03-03T20:37:26","date_gmt":"2024-03-03T20:37:26","guid":{"rendered":"https:\/\/vlap.fr\/labrassviedejupilles\/?p=2010"},"modified":"2025-07-13T11:43:58","modified_gmt":"2025-07-13T11:43:58","slug":"un-vlo-solaire-en-route-pour-marseille","status":"publish","type":"post","link":"https:\/\/vlap.fr\/labrassviedejupilles\/2024\/03\/03\/un-vlo-solaire-en-route-pour-marseille\/","title":{"rendered":"Un v&eacute;lo solaire en route pour Marseille"},"content":{"rendered":"<div class=\"postie-post\">\n<div>\n<div class=\"moz-text-html\" lang=\"x-unicode\">\n<div class=\"moz-text-html\" lang=\"x-unicode\">\n<div class=\"moz-text-html\" lang=\"x-unicode\">\n<p>Bonjour \u00e0 toutes et tous,<\/p>\n<p>Demain lundi, Yannick passe par la brass&rsquo;vie, il part du              Mans en <i>vh\u00e9lio<\/i> (v\u00e9lo solaire) pour aller jusqu&rsquo;\u00e0              Marseille (en passant par Lyon) dans un objectif de              d\u00e9couvrir les alternatives dans les territoires. Le projet              s&rsquo;appelle <i>transiscapade<\/i> et est d\u00e9taill\u00e9 ici : <a href=\"https:\/\/fr.tipeee.com\/transiscapade\/\" target=\"_blank\" class=\"moz-txt-link-freetext\" rel=\"noopener\">https:\/\/fr.tipeee.com\/transiscapade\/<\/a><\/p>\n<p>Venez discuter avec lui de notre association et de son              projet. \u00c0 partir de 15h30.            <\/p>\n<\/p>\n<p>Merci aux cuisini\u00e8res de ce midi, ainsi qu&rsquo;aux joyeuses              tabl\u00e9es et aux b\u00e9n\u00e9voles improvis\u00e9s.<br \/>              Cette semaine de vacances scolaires se termine sur le              vernissage de notre nouvelle exposition !<br \/>              Les horaires d&rsquo;ouverture sont tenus \u00e0 jour sur la <a                href=\"https:\/\/vlap.fr\/labrassviedejupilles\/#content\">page                d&rsquo;accueil du site<\/a>.<\/p>\n<p><b>** Semaine du lundi 4 au dimanche 10 Mars 2024 **<\/b> <\/p>\n<p><u><b>Lundi :<\/b><\/u><\/p>\n<p>* 15h30 &#8211; 18h30 : Yannick en <a                href=\"https:\/\/fr.tipeee.com\/transiscapade\"><i>transiscapade<\/i><\/a>              \u00e0 v\u00e9lo solaire. Ce serait super s&rsquo;il y avait du monde pour              l&rsquo;accueillir !            <\/p>\n<p>* 17h30 &#8211; 20h00 : Fl\u00e9chettes. <\/p>\n<p><u><b>Vendredi :<\/b><\/u><\/p>\n<p>* 17h00 &#8211; 19h30 : Atelier th\u00e9\u00e2tre. (complet, mais si vous              souhaitez monter un second groupe, c&rsquo;est possible !)<\/p>\n<p><u><b>Samedi :<\/b><\/u><\/p>\n<p>* 10h00 &#8211; 12h00 : R\u00e9p\u00e9tition des muses du vent (complet).              1er \u00e9tage, r\u00e9p\u00e9tition pour le concert du 10 mars \u00e0 17h30 \u00e0              Beaumont la ronce <\/p>\n<p><u><b>Dimanche :<\/b><\/u><\/p>\n<p>* 11h00 : Vernissage de l&rsquo;exposition de photographies              d&rsquo;Amrie. Jusqu&rsquo;au 4 avril, la brass&rsquo;vie expose les              photographies d&rsquo;Amrie, regard port\u00e9 sur l\u2019insignifiant, le              banal, l&rsquo;ordinaire, le sale qui transforme le r\u00e9el en              estampes, en paysages d\u2019ailleurs, en invitation au voyage              lointain\u2026             <\/p>\n<p>* Pour le philocaf\u00e9, contacter Eric au 06 47 83 24 32.<\/p>\n<\/p><\/div>\n<div class=\"moz-text-html\" lang=\"x-unicode\"><i>Au plaisir de              vous voir dans la semaine,<\/i>            <\/p>\n<pre class=\"moz-signature\" cols=\"72\"              style=\"white-space:normal\"> <\/div>\n","protected":false},"excerpt":{"rendered":"<p>Bonjour \u00e0 toutes et tous, Demain lundi, Yannick passe par la brass&rsquo;vie, il part du Mans en vh\u00e9lio (v\u00e9lo solaire) pour aller jusqu&rsquo;\u00e0 Marseille (en passant par Lyon) dans un objectif de d\u00e9couvrir les alternatives dans les territoires. Le projet s&rsquo;appelle transiscapade et est d\u00e9taill\u00e9 ici : https:\/\/fr.tipeee.com\/transiscapade\/ Venez discuter avec lui de notre association &hellip; <\/p>\n<p class=\"link-more\"><a href=\"https:\/\/vlap.fr\/labrassviedejupilles\/2024\/03\/03\/un-vlo-solaire-en-route-pour-marseille\/\" class=\"more-link\">Continuer la lecture<span class=\"screen-reader-text\"> de &laquo;&nbsp;Un v&eacute;lo solaire en route pour Marseille&nbsp;&raquo;<\/span><\/a><\/p>\n","protected":false},"author":1,"featured_media":0,"comment_status":"closed","ping_status":"closed","sticky":false,"template":"","format":"standard","meta":{"footnotes":""},"categories":[7],"tags":[],"class_list":["post-2010","post","type-post","status-publish","format-standard","hentry","category-infolettre"],"_links":{"self":[{"href":"https:\/\/vlap.fr\/labrassviedejupilles\/wp-json\/wp\/v2\/posts\/2010","targetHints":{"allow":["GET"]}}],"collection":[{"href":"https:\/\/vlap.fr\/labrassviedejupilles\/wp-json\/wp\/v2\/posts"}],"about":[{"href":"https:\/\/vlap.fr\/labrassviedejupilles\/wp-json\/wp\/v2\/types\/post"}],"author":[{"embeddable":true,"href":"https:\/\/vlap.fr\/labrassviedejupilles\/wp-json\/wp\/v2\/users\/1"}],"replies":[{"embeddable":true,"href":"https:\/\/vlap.fr\/labrassviedejupilles\/wp-json\/wp\/v2\/comments?post=2010"}],"version-history":[{"count":1,"href":"https:\/\/vlap.fr\/labrassviedejupilles\/wp-json\/wp\/v2\/posts\/2010\/revisions"}],"predecessor-version":[{"id":2569,"href":"https:\/\/vlap.fr\/labrassviedejupilles\/wp-json\/wp\/v2\/posts\/2010\/revisions\/2569"}],"wp:attachment":[{"href":"https:\/\/vlap.fr\/labrassviedejupilles\/wp-json\/wp\/v2\/media?parent=2010"}],"wp:term":[{"taxonomy":"category","embeddable":true,"href":"https:\/\/vlap.fr\/labrassviedejupilles\/wp-json\/wp\/v2\/categories?post=2010"},{"taxonomy":"post_tag","embeddable":true,"href":"https:\/\/vlap.fr\/labrassviedejupilles\/wp-json\/wp\/v2\/tags?post=2010"}],"curies":[{"name":"wp","href":"https:\/\/api.w.org\/{rel}","templated":true}]}}